{"id":965,"date":"2021-03-10T15:13:21","date_gmt":"2021-03-10T18:13:21","guid":{"rendered":"https:\/\/salgueiro.agenciafreela.dev\/?p=965"},"modified":"2021-09-22T15:01:26","modified_gmt":"2021-09-22T18:01:26","slug":"primeiro-mes-do-integral-bilingue","status":"publish","type":"post","link":"https:\/\/colegiosalgueiro.com.br\/escola-em-interlagos\/2021\/03\/10\/primeiro-mes-do-integral-bilingue\/","title":{"rendered":"Primeiro m\u00eas do Integral Bil\u00edngue"},"content":{"rendered":"\n\n\n<p>O m\u00eas de fevereiro no&nbsp;<em>After Care<\/em>&nbsp;(Integral Bil\u00edngue) se desenvolveu em torno de&nbsp;<em>Welcome to School,&nbsp;<\/em>ou seja, socializa\u00e7\u00e3o, cria\u00e7\u00e3o de v\u00ednculos, lazer e divers\u00e3o.<\/p>\n\n\n\n<p>Tivemos tamb\u00e9m as atividades de&nbsp;<em>Valentine\u2019s Day,&nbsp;<\/em>que enfocaram valores como amor, respeito e gentileza, explorando bastante a criatividade dos pequenos.<\/p>\n\n\n\n<p>No&nbsp;<em>Carnival<\/em>, eles aproveitaram o clima da maior festa popular brasileira!<\/p>\n\n\n\n<p>Vale lembrar que o After Care\u00a0integra o programa do Salgueiro Bil\u00edngue, ou seja, todas as atividades s\u00e3o desenvolvidas em Ingl\u00eas.<\/p>\n\n\n\n<figure class=\"wp-block-gallery columns-3 is-cropped wp-block-gallery-1 is-layout-flex wp-block-gallery-is-layout-flex\"><ul class=\"blocks-gallery-grid\"><li class=\"blocks-gallery-item\"><figure><img loading=\"lazy\" decoding=\"async\" width=\"768\" height=\"1024\" src=\"https:\/\/salgueiro.agenciafreela.dev\/wp-content\/uploads\/2021\/09\/IMG_4528-768x1024-1.jpg\" alt=\"Col\u00e9gio Salgueiro\" data-id=\"967\" data-link=\"https:\/\/salgueiro.agenciafreela.dev\/?attachment_id=967#main\" class=\"wp-image-967\" title=\"Col\u00e9gio Salgueiro\" srcset=\"https:\/\/colegiosalgueiro.com.br\/escola-em-interlagos\/wp-content\/uploads\/2021\/09\/IMG_4528-768x1024-1.jpg 768w, https:\/\/colegiosalgueiro.com.br\/escola-em-interlagos\/wp-content\/uploads\/2021\/09\/IMG_4528-768x1024-1-225x300.jpg 225w\" sizes=\"auto, (max-width: 768px) 100vw, 768px\" \/><\/figure><\/li><li class=\"blocks-gallery-item\"><figure><img loading=\"lazy\" decoding=\"async\" width=\"768\" height=\"1024\" src=\"https:\/\/salgueiro.agenciafreela.dev\/wp-content\/uploads\/2021\/09\/IMG_4534-768x1024-1.jpg\" alt=\"Col\u00e9gio Salgueiro\" data-id=\"969\" data-link=\"https:\/\/salgueiro.agenciafreela.dev\/?attachment_id=969#main\" class=\"wp-image-969\" title=\"Col\u00e9gio Salgueiro\" srcset=\"https:\/\/colegiosalgueiro.com.br\/escola-em-interlagos\/wp-content\/uploads\/2021\/09\/IMG_4534-768x1024-1.jpg 768w, https:\/\/colegiosalgueiro.com.br\/escola-em-interlagos\/wp-content\/uploads\/2021\/09\/IMG_4534-768x1024-1-225x300.jpg 225w\" sizes=\"auto, (max-width: 768px) 100vw, 768px\" \/><\/figure><\/li><li class=\"blocks-gallery-item\"><figure><img loading=\"lazy\" decoding=\"async\" width=\"768\" height=\"1024\" src=\"https:\/\/salgueiro.agenciafreela.dev\/wp-content\/uploads\/2021\/09\/IMG_4529-768x1024-2.jpg\" alt=\"Col\u00e9gio Salgueiro\" data-id=\"971\" data-full-url=\"https:\/\/salgueiro.agenciafreela.dev\/wp-content\/uploads\/2021\/09\/IMG_4529-768x1024-2.jpg\" data-link=\"https:\/\/salgueiro.agenciafreela.dev\/?attachment_id=971#main\" class=\"wp-image-971\" title=\"Col\u00e9gio Salgueiro\" srcset=\"https:\/\/colegiosalgueiro.com.br\/escola-em-interlagos\/wp-content\/uploads\/2021\/09\/IMG_4529-768x1024-2.jpg 768w, https:\/\/colegiosalgueiro.com.br\/escola-em-interlagos\/wp-content\/uploads\/2021\/09\/IMG_4529-768x1024-2-225x300.jpg 225w\" sizes=\"auto, (max-width: 768px) 100vw, 768px\" \/><\/figure><\/li><\/ul><\/figure>\n","protected":false},"excerpt":{"rendered":"<p>O m\u00eas de fevereiro no&nbsp;After Care&nbsp;(Integral Bil\u00edngue) se desenvolveu em torno de&nbsp;Welcome to School,&nbsp;ou seja, socializa\u00e7\u00e3o, cria\u00e7\u00e3o de v\u00ednculos, lazer e divers\u00e3o. Tivemos tamb\u00e9m as atividades de&nbsp;Valentine\u2019s Day,&nbsp;que enfocaram valores como amor, respeito e gentileza, explorando bastante a criatividade dos pequenos. No&nbsp;Carnival, eles aproveitaram o clima da maior festa popular brasileira! Vale lembrar que o [&#8230;]\n","protected":false},"author":1,"featured_media":966,"comment_status":"open","ping_status":"open","sticky":false,"template":"","format":"standard","meta":{"_acf_changed":false,"inline_featured_image":false,"footnotes":""},"categories":[3,1],"tags":[],"class_list":["post-965","post","type-post","status-publish","format-standard","has-post-thumbnail","hentry","category-blog","category-salgueiro"],"acf":[],"_links":{"self":[{"href":"https:\/\/colegiosalgueiro.com.br\/escola-em-interlagos\/wp-json\/wp\/v2\/posts\/965","targetHints":{"allow":["GET"]}}],"collection":[{"href":"https:\/\/colegiosalgueiro.com.br\/escola-em-interlagos\/wp-json\/wp\/v2\/posts"}],"about":[{"href":"https:\/\/colegiosalgueiro.com.br\/escola-em-interlagos\/wp-json\/wp\/v2\/types\/post"}],"author":[{"embeddable":true,"href":"https:\/\/colegiosalgueiro.com.br\/escola-em-interlagos\/wp-json\/wp\/v2\/users\/1"}],"replies":[{"embeddable":true,"href":"https:\/\/colegiosalgueiro.com.br\/escola-em-interlagos\/wp-json\/wp\/v2\/comments?post=965"}],"version-history":[{"count":1,"href":"https:\/\/colegiosalgueiro.com.br\/escola-em-interlagos\/wp-json\/wp\/v2\/posts\/965\/revisions"}],"predecessor-version":[{"id":972,"href":"https:\/\/colegiosalgueiro.com.br\/escola-em-interlagos\/wp-json\/wp\/v2\/posts\/965\/revisions\/972"}],"wp:featuredmedia":[{"embeddable":true,"href":"https:\/\/colegiosalgueiro.com.br\/escola-em-interlagos\/wp-json\/wp\/v2\/media\/966"}],"wp:attachment":[{"href":"https:\/\/colegiosalgueiro.com.br\/escola-em-interlagos\/wp-json\/wp\/v2\/media?parent=965"}],"wp:term":[{"taxonomy":"category","embeddable":true,"href":"https:\/\/colegiosalgueiro.com.br\/escola-em-interlagos\/wp-json\/wp\/v2\/categories?post=965"},{"taxonomy":"post_tag","embeddable":true,"href":"https:\/\/colegiosalgueiro.com.br\/escola-em-interlagos\/wp-json\/wp\/v2\/tags?post=965"}],"curies":[{"name":"wp","href":"https:\/\/api.w.org\/{rel}","templated":true}]}}