{"id":758,"date":"2019-05-27T12:41:38","date_gmt":"2019-05-27T15:41:38","guid":{"rendered":"https:\/\/salgueiro.agenciafreela.dev\/?p=758"},"modified":"2021-09-22T14:52:17","modified_gmt":"2021-09-22T17:52:17","slug":"sustentabilidade-em-feira-cultural","status":"publish","type":"post","link":"https:\/\/colegiosalgueiro.com.br\/escola-em-interlagos\/2019\/05\/27\/sustentabilidade-em-feira-cultural\/","title":{"rendered":"Sustentabilidade em Feira Cultural"},"content":{"rendered":"\n\n\n<p>Sustentabilidade em Feira Cultural. Os trabalhos em torno da Fecusa (Feira Cultural do Col\u00e9gio Salgueiro) est\u00e3o a todo vapor!!! O tema deste ano \u00e9 \u201cA Cidade que eu Quero!\u201d e vai tratar da\u00a0<a href=\"https:\/\/pt.wikipedia.org\/wiki\/Sustentabilidade\" rel=\"nofollow noopener\" target=\"_blank\">sustentabilidade<\/a>\u00a0nas cidades. Este tema foi subdividido entre as turmas do Ensino Fundamental I. Depois de fazer pesquisas, cada turma apresentou a proposta de trabalho para os demais colegas. E o projeto \u201cAtitude \u00e9 Tudo!\u201d pegou carona neste assunto, enfocando os tipos de atitude que se espera de um cidad\u00e3o que colabora para que a cidade, o seu pa\u00eds, o seu planeta se tornem sustent\u00e1veis. Para saber mais sobre o Ensino Fundamental do Col\u00e9gio Salgueiro, clique\u00a0<a href=\"http:\/\/colegiosalgueiro.com.br\/ensino-fundamental-colegio-salgueiro-interlagos\/\">aqui.<\/a><\/p>\n\n\n\n<figure class=\"wp-block-gallery columns-2 is-cropped wp-block-gallery-1 is-layout-flex wp-block-gallery-is-layout-flex\"><ul class=\"blocks-gallery-grid\"><li class=\"blocks-gallery-item\"><figure><img loading=\"lazy\" decoding=\"async\" width=\"1024\" height=\"768\" src=\"https:\/\/salgueiro.agenciafreela.dev\/wp-content\/uploads\/2021\/09\/CBTZ8693.jpg\" alt=\"Col\u00e9gio Salgueiro\" data-id=\"759\" data-link=\"https:\/\/salgueiro.agenciafreela.dev\/?attachment_id=759#main\" class=\"wp-image-759\" title=\"Col\u00e9gio Salgueiro\" srcset=\"https:\/\/colegiosalgueiro.com.br\/escola-em-interlagos\/wp-content\/uploads\/2021\/09\/CBTZ8693.jpg 1024w, https:\/\/colegiosalgueiro.com.br\/escola-em-interlagos\/wp-content\/uploads\/2021\/09\/CBTZ8693-300x225.jpg 300w, https:\/\/colegiosalgueiro.com.br\/escola-em-interlagos\/wp-content\/uploads\/2021\/09\/CBTZ8693-768x576.jpg 768w\" sizes=\"auto, (max-width: 1024px) 100vw, 1024px\" \/><\/figure><\/li><li class=\"blocks-gallery-item\"><figure><img loading=\"lazy\" decoding=\"async\" width=\"1024\" height=\"768\" src=\"https:\/\/salgueiro.agenciafreela.dev\/wp-content\/uploads\/2021\/09\/BFOS0547.jpg\" alt=\"Col\u00e9gio Salgueiro\" data-id=\"760\" data-full-url=\"https:\/\/salgueiro.agenciafreela.dev\/wp-content\/uploads\/2021\/09\/BFOS0547.jpg\" data-link=\"https:\/\/salgueiro.agenciafreela.dev\/?attachment_id=760#main\" class=\"wp-image-760\" title=\"Col\u00e9gio Salgueiro\" srcset=\"https:\/\/colegiosalgueiro.com.br\/escola-em-interlagos\/wp-content\/uploads\/2021\/09\/BFOS0547.jpg 1024w, https:\/\/colegiosalgueiro.com.br\/escola-em-interlagos\/wp-content\/uploads\/2021\/09\/BFOS0547-300x225.jpg 300w, https:\/\/colegiosalgueiro.com.br\/escola-em-interlagos\/wp-content\/uploads\/2021\/09\/BFOS0547-768x576.jpg 768w\" sizes=\"auto, (max-width: 1024px) 100vw, 1024px\" \/><\/figure><\/li><\/ul><\/figure>\n","protected":false},"excerpt":{"rendered":"<p>Sustentabilidade em Feira Cultural. Os trabalhos em torno da Fecusa (Feira Cultural do Col\u00e9gio Salgueiro) est\u00e3o a todo vapor!!! O tema deste ano \u00e9 \u201cA Cidade que eu Quero!\u201d e vai tratar da\u00a0sustentabilidade\u00a0nas cidades. Este tema foi subdividido entre as turmas do Ensino Fundamental I. Depois de fazer pesquisas, cada turma apresentou a proposta de [&#8230;]\n","protected":false},"author":1,"featured_media":762,"comment_status":"open","ping_status":"open","sticky":false,"template":"","format":"standard","meta":{"_acf_changed":false,"inline_featured_image":false,"footnotes":""},"categories":[3,1],"tags":[],"class_list":["post-758","post","type-post","status-publish","format-standard","has-post-thumbnail","hentry","category-blog","category-salgueiro"],"acf":[],"_links":{"self":[{"href":"https:\/\/colegiosalgueiro.com.br\/escola-em-interlagos\/wp-json\/wp\/v2\/posts\/758","targetHints":{"allow":["GET"]}}],"collection":[{"href":"https:\/\/colegiosalgueiro.com.br\/escola-em-interlagos\/wp-json\/wp\/v2\/posts"}],"about":[{"href":"https:\/\/colegiosalgueiro.com.br\/escola-em-interlagos\/wp-json\/wp\/v2\/types\/post"}],"author":[{"embeddable":true,"href":"https:\/\/colegiosalgueiro.com.br\/escola-em-interlagos\/wp-json\/wp\/v2\/users\/1"}],"replies":[{"embeddable":true,"href":"https:\/\/colegiosalgueiro.com.br\/escola-em-interlagos\/wp-json\/wp\/v2\/comments?post=758"}],"version-history":[{"count":1,"href":"https:\/\/colegiosalgueiro.com.br\/escola-em-interlagos\/wp-json\/wp\/v2\/posts\/758\/revisions"}],"predecessor-version":[{"id":763,"href":"https:\/\/colegiosalgueiro.com.br\/escola-em-interlagos\/wp-json\/wp\/v2\/posts\/758\/revisions\/763"}],"wp:featuredmedia":[{"embeddable":true,"href":"https:\/\/colegiosalgueiro.com.br\/escola-em-interlagos\/wp-json\/wp\/v2\/media\/762"}],"wp:attachment":[{"href":"https:\/\/colegiosalgueiro.com.br\/escola-em-interlagos\/wp-json\/wp\/v2\/media?parent=758"}],"wp:term":[{"taxonomy":"category","embeddable":true,"href":"https:\/\/colegiosalgueiro.com.br\/escola-em-interlagos\/wp-json\/wp\/v2\/categories?post=758"},{"taxonomy":"post_tag","embeddable":true,"href":"https:\/\/colegiosalgueiro.com.br\/escola-em-interlagos\/wp-json\/wp\/v2\/tags?post=758"}],"curies":[{"name":"wp","href":"https:\/\/api.w.org\/{rel}","templated":true}]}}