{"id":730,"date":"2019-05-07T12:26:33","date_gmt":"2019-05-07T15:26:33","guid":{"rendered":"https:\/\/salgueiro.agenciafreela.dev\/?p=730"},"modified":"2021-09-22T14:29:00","modified_gmt":"2021-09-22T17:29:00","slug":"fundamental-abriu-a-caixa-de-pandora","status":"publish","type":"post","link":"https:\/\/colegiosalgueiro.com.br\/escola-em-interlagos\/2019\/05\/07\/fundamental-abriu-a-caixa-de-pandora\/","title":{"rendered":"Fundamental abriu a Caixa de Pandora"},"content":{"rendered":"\n\n\n<p>Partindo da leitura do mito de Prometeu e os primeiros homens, a turma do 7\u00ba ano B do Ensino Fundamental abriu a Caixa de Pandora!!!<\/p>\n\n\n\n<p>Eles usaram a criatividade para demonstrar quais s\u00e3o, para eles, os maiores problemas enfrentados pela nossa sociedade.<\/p>\n\n\n\n<p>A representa\u00e7\u00e3o foi feita numa caixa, ou seja, cada um fez a sua pr\u00f3pria Caixa de Pandora.<\/p>\n\n\n\n<p>Dentro dela, os alunos apresentaram propostas de solu\u00e7\u00e3o para os problemas.<\/p>\n\n\n\n<p>Em seguida, mostraram para os colegas do 6\u00ba ano C.<\/p>\n\n\n\n<p>A&nbsp;<a href=\"https:\/\/pt.wikipedia.org\/wiki\/Caixa_de_Pandora\" rel=\"nofollow noopener\" target=\"_blank\">Caixa&nbsp;de&nbsp;Pandora<\/a>&nbsp;narra a origem da primeira mulher e das trag\u00e9dias do mundo. Essa mulher se chamava&nbsp;Pandora&nbsp;e nunca deveria abrir a&nbsp;caixa&nbsp;dada a ela por Zeus.&nbsp;Curiosa,&nbsp;Pandora&nbsp;abriu, liberando todos os males existentes na Terra. Apenas a esperan\u00e7a teria ficado presa.<\/p>\n\n\n\n<p>Clique&nbsp;<a href=\"http:\/\/colegiosalgueiro.com.br\/ensino-fundamental-colegio-salgueiro-interlagos\/\">aqui<\/a>&nbsp;para saber mais sobre o Ensino Fundamental do Col\u00e9gio Salgueiro.<\/p>\n\n\n\n<p>Infantil estuda os peixes. Os pequenos&nbsp;conheceram como o peixe \u00e9 tratado e usado nas v\u00e1rias regi\u00f5es do Brasil.&nbsp;&nbsp;<\/p>\n\n\n\n<p>Tamb\u00e9m participaram da brincadeira \u201cSalvando os Peixinhos\u201d, montaram um aqu\u00e1rio em forma de painel e pesquisaram algumas esp\u00e9cies.&nbsp;<\/p>\n\n\n\n<p>Depois, finalizaram tudo com uma divertida atividade com argila.\u00a0<\/p>\n\n\n\n<figure class=\"wp-block-gallery columns-3 is-cropped wp-block-gallery-1 is-layout-flex wp-block-gallery-is-layout-flex\"><ul class=\"blocks-gallery-grid\"><li class=\"blocks-gallery-item\"><figure><img loading=\"lazy\" decoding=\"async\" width=\"576\" height=\"1024\" src=\"https:\/\/salgueiro.agenciafreela.dev\/wp-content\/uploads\/2021\/09\/KUJO5159-576x1024.jpg\" alt=\"Col\u00e9gio Salgueiro\" data-id=\"731\" data-link=\"https:\/\/salgueiro.agenciafreela.dev\/?attachment_id=731#main\" class=\"wp-image-731\" title=\"Col\u00e9gio Salgueiro\" srcset=\"https:\/\/colegiosalgueiro.com.br\/escola-em-interlagos\/wp-content\/uploads\/2021\/09\/KUJO5159-576x1024.jpg 576w, https:\/\/colegiosalgueiro.com.br\/escola-em-interlagos\/wp-content\/uploads\/2021\/09\/KUJO5159-169x300.jpg 169w, https:\/\/colegiosalgueiro.com.br\/escola-em-interlagos\/wp-content\/uploads\/2021\/09\/KUJO5159.jpg 585w\" sizes=\"auto, (max-width: 576px) 100vw, 576px\" \/><\/figure><\/li><li class=\"blocks-gallery-item\"><figure><img loading=\"lazy\" decoding=\"async\" width=\"576\" height=\"1024\" src=\"https:\/\/salgueiro.agenciafreela.dev\/wp-content\/uploads\/2021\/09\/QGIV3475-576x1024.jpg\" alt=\"Col\u00e9gio Salgueiro\" data-id=\"732\" data-full-url=\"https:\/\/salgueiro.agenciafreela.dev\/wp-content\/uploads\/2021\/09\/QGIV3475.jpg\" data-link=\"https:\/\/salgueiro.agenciafreela.dev\/?attachment_id=732#main\" class=\"wp-image-732\" title=\"Col\u00e9gio Salgueiro\" srcset=\"https:\/\/colegiosalgueiro.com.br\/escola-em-interlagos\/wp-content\/uploads\/2021\/09\/QGIV3475-576x1024.jpg 576w, https:\/\/colegiosalgueiro.com.br\/escola-em-interlagos\/wp-content\/uploads\/2021\/09\/QGIV3475-169x300.jpg 169w, https:\/\/colegiosalgueiro.com.br\/escola-em-interlagos\/wp-content\/uploads\/2021\/09\/QGIV3475.jpg 585w\" sizes=\"auto, (max-width: 576px) 100vw, 576px\" \/><\/figure><\/li><li class=\"blocks-gallery-item\"><figure><img loading=\"lazy\" decoding=\"async\" width=\"576\" height=\"1024\" src=\"https:\/\/salgueiro.agenciafreela.dev\/wp-content\/uploads\/2021\/09\/UTYK8622-576x1024.jpg\" alt=\"Col\u00e9gio Salgueiro\" data-id=\"733\" data-full-url=\"https:\/\/salgueiro.agenciafreela.dev\/wp-content\/uploads\/2021\/09\/UTYK8622.jpg\" data-link=\"https:\/\/salgueiro.agenciafreela.dev\/?attachment_id=733#main\" class=\"wp-image-733\" title=\"Col\u00e9gio Salgueiro\" srcset=\"https:\/\/colegiosalgueiro.com.br\/escola-em-interlagos\/wp-content\/uploads\/2021\/09\/UTYK8622-576x1024.jpg 576w, https:\/\/colegiosalgueiro.com.br\/escola-em-interlagos\/wp-content\/uploads\/2021\/09\/UTYK8622-169x300.jpg 169w, https:\/\/colegiosalgueiro.com.br\/escola-em-interlagos\/wp-content\/uploads\/2021\/09\/UTYK8622.jpg 585w\" sizes=\"auto, (max-width: 576px) 100vw, 576px\" \/><\/figure><\/li><\/ul><\/figure>\n","protected":false},"excerpt":{"rendered":"<p>Partindo da leitura do mito de Prometeu e os primeiros homens, a turma do 7\u00ba ano B do Ensino Fundamental abriu a Caixa de Pandora!!! Eles usaram a criatividade para demonstrar quais s\u00e3o, para eles, os maiores problemas enfrentados pela nossa sociedade. A representa\u00e7\u00e3o foi feita numa caixa, ou seja, cada um fez a sua [&#8230;]\n","protected":false},"author":1,"featured_media":734,"comment_status":"open","ping_status":"open","sticky":false,"template":"","format":"standard","meta":{"_acf_changed":false,"inline_featured_image":false,"footnotes":""},"categories":[3,1],"tags":[],"class_list":["post-730","post","type-post","status-publish","format-standard","has-post-thumbnail","hentry","category-blog","category-salgueiro"],"acf":[],"_links":{"self":[{"href":"https:\/\/colegiosalgueiro.com.br\/escola-em-interlagos\/wp-json\/wp\/v2\/posts\/730","targetHints":{"allow":["GET"]}}],"collection":[{"href":"https:\/\/colegiosalgueiro.com.br\/escola-em-interlagos\/wp-json\/wp\/v2\/posts"}],"about":[{"href":"https:\/\/colegiosalgueiro.com.br\/escola-em-interlagos\/wp-json\/wp\/v2\/types\/post"}],"author":[{"embeddable":true,"href":"https:\/\/colegiosalgueiro.com.br\/escola-em-interlagos\/wp-json\/wp\/v2\/users\/1"}],"replies":[{"embeddable":true,"href":"https:\/\/colegiosalgueiro.com.br\/escola-em-interlagos\/wp-json\/wp\/v2\/comments?post=730"}],"version-history":[{"count":1,"href":"https:\/\/colegiosalgueiro.com.br\/escola-em-interlagos\/wp-json\/wp\/v2\/posts\/730\/revisions"}],"predecessor-version":[{"id":735,"href":"https:\/\/colegiosalgueiro.com.br\/escola-em-interlagos\/wp-json\/wp\/v2\/posts\/730\/revisions\/735"}],"wp:featuredmedia":[{"embeddable":true,"href":"https:\/\/colegiosalgueiro.com.br\/escola-em-interlagos\/wp-json\/wp\/v2\/media\/734"}],"wp:attachment":[{"href":"https:\/\/colegiosalgueiro.com.br\/escola-em-interlagos\/wp-json\/wp\/v2\/media?parent=730"}],"wp:term":[{"taxonomy":"category","embeddable":true,"href":"https:\/\/colegiosalgueiro.com.br\/escola-em-interlagos\/wp-json\/wp\/v2\/categories?post=730"},{"taxonomy":"post_tag","embeddable":true,"href":"https:\/\/colegiosalgueiro.com.br\/escola-em-interlagos\/wp-json\/wp\/v2\/tags?post=730"}],"curies":[{"name":"wp","href":"https:\/\/api.w.org\/{rel}","templated":true}]}}