{"id":3008,"date":"2023-03-09T18:15:53","date_gmt":"2023-03-09T21:15:53","guid":{"rendered":"https:\/\/colegiosalgueiro.com.br\/escola-em-interlagos\/?p=3008"},"modified":"2024-07-30T09:00:03","modified_gmt":"2024-07-30T12:00:03","slug":"aprovacao-usp-universidade-de-sao-paulo","status":"publish","type":"post","link":"https:\/\/colegiosalgueiro.com.br\/escola-em-interlagos\/2023\/03\/09\/aprovacao-usp-universidade-de-sao-paulo\/","title":{"rendered":"Aprova\u00e7\u00e3o &#8211; USP (Universidade de S\u00e3o Paulo)"},"content":{"rendered":"\n\n\n<p>Estudante do Salgueiro \u00e9&nbsp;<a href=\"https:\/\/www.instagram.com\/explore\/tags\/sempresalgueiro\/\" rel=\"nofollow noopener\" target=\"_blank\">#SempreSalgueiro<\/a>! A Gabriela \u00e9 uma prova disso! Ela passou o Ensino M\u00e9dio com a gente e agora acabou de ser aprovada no curso de Ci\u00eancias Sociais da USP (Universidade de S\u00e3o Paulo).<\/p>\n\n\n\n<p>Parab\u00e9ns, Gabriela!!! Estamos muito felizes de ter feito parte dessa conquista! Que voc\u00ea seja muito feliz nessa caminhada!<\/p>\n","protected":false},"excerpt":{"rendered":"<p>Estudante do Salgueiro \u00e9&nbsp;#SempreSalgueiro! A Gabriela \u00e9 uma prova disso! Ela passou o Ensino M\u00e9dio com a gente e agora acabou de ser aprovada no curso de Ci\u00eancias Sociais da USP (Universidade de S\u00e3o Paulo). Parab\u00e9ns, Gabriela!!! Estamos muito felizes de ter feito parte dessa conquista! Que voc\u00ea seja muito feliz nessa caminhada!<\/p>\n","protected":false},"author":2,"featured_media":3354,"comment_status":"closed","ping_status":"closed","sticky":false,"template":"","format":"standard","meta":{"_acf_changed":false,"inline_featured_image":false,"footnotes":""},"categories":[8,1],"tags":[19],"class_list":["post-3008","post","type-post","status-publish","format-standard","has-post-thumbnail","hentry","category-ensino-medio","category-salgueiro","tag-ensino-medio"],"acf":[],"_links":{"self":[{"href":"https:\/\/colegiosalgueiro.com.br\/escola-em-interlagos\/wp-json\/wp\/v2\/posts\/3008","targetHints":{"allow":["GET"]}}],"collection":[{"href":"https:\/\/colegiosalgueiro.com.br\/escola-em-interlagos\/wp-json\/wp\/v2\/posts"}],"about":[{"href":"https:\/\/colegiosalgueiro.com.br\/escola-em-interlagos\/wp-json\/wp\/v2\/types\/post"}],"author":[{"embeddable":true,"href":"https:\/\/colegiosalgueiro.com.br\/escola-em-interlagos\/wp-json\/wp\/v2\/users\/2"}],"replies":[{"embeddable":true,"href":"https:\/\/colegiosalgueiro.com.br\/escola-em-interlagos\/wp-json\/wp\/v2\/comments?post=3008"}],"version-history":[{"count":4,"href":"https:\/\/colegiosalgueiro.com.br\/escola-em-interlagos\/wp-json\/wp\/v2\/posts\/3008\/revisions"}],"predecessor-version":[{"id":3024,"href":"https:\/\/colegiosalgueiro.com.br\/escola-em-interlagos\/wp-json\/wp\/v2\/posts\/3008\/revisions\/3024"}],"wp:featuredmedia":[{"embeddable":true,"href":"https:\/\/colegiosalgueiro.com.br\/escola-em-interlagos\/wp-json\/wp\/v2\/media\/3354"}],"wp:attachment":[{"href":"https:\/\/colegiosalgueiro.com.br\/escola-em-interlagos\/wp-json\/wp\/v2\/media?parent=3008"}],"wp:term":[{"taxonomy":"category","embeddable":true,"href":"https:\/\/colegiosalgueiro.com.br\/escola-em-interlagos\/wp-json\/wp\/v2\/categories?post=3008"},{"taxonomy":"post_tag","embeddable":true,"href":"https:\/\/colegiosalgueiro.com.br\/escola-em-interlagos\/wp-json\/wp\/v2\/tags?post=3008"}],"curies":[{"name":"wp","href":"https:\/\/api.w.org\/{rel}","templated":true}]}}