{"id":3001,"date":"2023-03-09T18:08:06","date_gmt":"2023-03-09T21:08:06","guid":{"rendered":"https:\/\/colegiosalgueiro.com.br\/escola-em-interlagos\/?p=3001"},"modified":"2024-07-30T09:01:02","modified_gmt":"2024-07-30T12:01:02","slug":"estudantes-recebem-chromebooks","status":"publish","type":"post","link":"https:\/\/colegiosalgueiro.com.br\/escola-em-interlagos\/2023\/03\/09\/estudantes-recebem-chromebooks\/","title":{"rendered":"Estudantes recebem chromebooks"},"content":{"rendered":"\n\n\n<p>\u00c9 \u00e9poca de entregar chromebooks por aqui!!!<\/p>\n\n\n\n<p>O Salgueiro disponibiliza um chromebook por aluno desde o Fundamental-Anos Finais at\u00e9 o Ensino M\u00e9dio! Com direito a levar para a casa e tudo!!!<\/p>\n\n\n\n<p>Para n\u00f3s, a tecnologia \u00e9 uma rica ferramenta dentro de nosso projeto pedag\u00f3gico.<\/p>\n\n\n\n<p>Para conhecer mais sobre nosso projeto pedag\u00f3gico, <a href=\"https:\/\/colegiosalgueiro.com.br\/escola-em-interlagos\/projeto-pedagogico\/\">clique aqui<\/a>.<\/p>\n\n\n\n<figure class=\"wp-block-gallery has-nested-images columns-default is-cropped wp-block-gallery-1 is-layout-flex wp-block-gallery-is-layout-flex\">\n<figure class=\"wp-block-image\"><img decoding=\"async\" src=\"blob:https:\/\/colegiosalgueiro.com.br\/c8be401f-8421-4b51-b8ea-26fcbf0ee339\" alt=\"Col\u00e9gio Salgueiro\" title=\"Col\u00e9gio Salgueiro\"><\/figure>\n\n\n\n<figure class=\"wp-block-image\"><img decoding=\"async\" src=\"blob:https:\/\/colegiosalgueiro.com.br\/340ac5fe-3e26-4aaa-8a98-91d933a94d2e\" alt=\"Col\u00e9gio Salgueiro\" title=\"Col\u00e9gio Salgueiro\"><\/figure>\n\n\n\n<figure class=\"wp-block-image\"><img decoding=\"async\" src=\"blob:https:\/\/colegiosalgueiro.com.br\/c7af57b7-1185-47b3-a497-b49110cb7d84\" alt=\"Col\u00e9gio Salgueiro\" title=\"Col\u00e9gio Salgueiro\"><\/figure>\n<\/figure>\n","protected":false},"excerpt":{"rendered":"<p>\u00c9 \u00e9poca de entregar chromebooks por aqui!!! O Salgueiro disponibiliza um chromebook por aluno desde o Fundamental-Anos Finais at\u00e9 o Ensino M\u00e9dio! Com direito a levar para a casa e tudo!!! Para n\u00f3s, a tecnologia \u00e9 uma rica ferramenta dentro de nosso projeto pedag\u00f3gico. Para conhecer mais sobre nosso projeto pedag\u00f3gico, clique aqui.<\/p>\n","protected":false},"author":2,"featured_media":3355,"comment_status":"closed","ping_status":"closed","sticky":false,"template":"","format":"standard","meta":{"_acf_changed":false,"inline_featured_image":false,"footnotes":""},"categories":[20,8,1],"tags":[],"class_list":["post-3001","post","type-post","status-publish","format-standard","has-post-thumbnail","hentry","category-fundamental","category-ensino-medio","category-salgueiro"],"acf":[],"_links":{"self":[{"href":"https:\/\/colegiosalgueiro.com.br\/escola-em-interlagos\/wp-json\/wp\/v2\/posts\/3001","targetHints":{"allow":["GET"]}}],"collection":[{"href":"https:\/\/colegiosalgueiro.com.br\/escola-em-interlagos\/wp-json\/wp\/v2\/posts"}],"about":[{"href":"https:\/\/colegiosalgueiro.com.br\/escola-em-interlagos\/wp-json\/wp\/v2\/types\/post"}],"author":[{"embeddable":true,"href":"https:\/\/colegiosalgueiro.com.br\/escola-em-interlagos\/wp-json\/wp\/v2\/users\/2"}],"replies":[{"embeddable":true,"href":"https:\/\/colegiosalgueiro.com.br\/escola-em-interlagos\/wp-json\/wp\/v2\/comments?post=3001"}],"version-history":[{"count":1,"href":"https:\/\/colegiosalgueiro.com.br\/escola-em-interlagos\/wp-json\/wp\/v2\/posts\/3001\/revisions"}],"predecessor-version":[{"id":3006,"href":"https:\/\/colegiosalgueiro.com.br\/escola-em-interlagos\/wp-json\/wp\/v2\/posts\/3001\/revisions\/3006"}],"wp:featuredmedia":[{"embeddable":true,"href":"https:\/\/colegiosalgueiro.com.br\/escola-em-interlagos\/wp-json\/wp\/v2\/media\/3355"}],"wp:attachment":[{"href":"https:\/\/colegiosalgueiro.com.br\/escola-em-interlagos\/wp-json\/wp\/v2\/media?parent=3001"}],"wp:term":[{"taxonomy":"category","embeddable":true,"href":"https:\/\/colegiosalgueiro.com.br\/escola-em-interlagos\/wp-json\/wp\/v2\/categories?post=3001"},{"taxonomy":"post_tag","embeddable":true,"href":"https:\/\/colegiosalgueiro.com.br\/escola-em-interlagos\/wp-json\/wp\/v2\/tags?post=3001"}],"curies":[{"name":"wp","href":"https:\/\/api.w.org\/{rel}","templated":true}]}}