{"id":2967,"date":"2023-03-09T17:19:33","date_gmt":"2023-03-09T20:19:33","guid":{"rendered":"https:\/\/colegiosalgueiro.com.br\/escola-em-interlagos\/?p=2967"},"modified":"2023-03-09T17:21:18","modified_gmt":"2023-03-09T20:21:18","slug":"volta-as-aulas","status":"publish","type":"post","link":"https:\/\/colegiosalgueiro.com.br\/escola-em-interlagos\/2023\/03\/09\/volta-as-aulas\/","title":{"rendered":"Volta \u00e0s aulas"},"content":{"rendered":"\n\n\n<p>&nbsp;Hoje foi dia de reencontrar amigos, matar a saudade e iniciar um novo ciclo!<\/p>\n\n\n\n<p>Educa\u00e7\u00e3o Infantil e Fund. Anos Iniciais voltaram \u00e0s aulas e encheram a gente de alegria!<\/p>\n\n\n\n<p>Teve abra\u00e7o apertado, brincadeira para integrar as turmas e at\u00e9 picol\u00e9 para come\u00e7ar o ano de um jeito bem alegre e divertido!<\/p>\n\n\n\n<figure class=\"wp-block-gallery has-nested-images columns-default is-cropped wp-block-gallery-1 is-layout-flex wp-block-gallery-is-layout-flex\">\n<figure class=\"wp-block-image size-large\"><img loading=\"lazy\" decoding=\"async\" width=\"768\" height=\"1024\" data-id=\"2974\" src=\"https:\/\/colegiosalgueiro.com.br\/escola-em-interlagos\/wp-content\/uploads\/2023\/03\/airis-2-768x1024.jpg\" alt=\"Col\u00e9gio Salgueiro\" class=\"wp-image-2974\" title=\"Col\u00e9gio Salgueiro\" srcset=\"https:\/\/colegiosalgueiro.com.br\/escola-em-interlagos\/wp-content\/uploads\/2023\/03\/airis-2-768x1024.jpg 768w, https:\/\/colegiosalgueiro.com.br\/escola-em-interlagos\/wp-content\/uploads\/2023\/03\/airis-2-225x300.jpg 225w, https:\/\/colegiosalgueiro.com.br\/escola-em-interlagos\/wp-content\/uploads\/2023\/03\/airis-2-1152x1536.jpg 1152w, https:\/\/colegiosalgueiro.com.br\/escola-em-interlagos\/wp-content\/uploads\/2023\/03\/airis-2-1536x2048.jpg 1536w, https:\/\/colegiosalgueiro.com.br\/escola-em-interlagos\/wp-content\/uploads\/2023\/03\/airis-2-scaled.jpg 1920w\" sizes=\"auto, (max-width: 768px) 100vw, 768px\" \/><\/figure>\n<\/figure>\n\n\n\n<figure class=\"wp-block-gallery has-nested-images columns-default is-cropped wp-block-gallery-2 is-layout-flex wp-block-gallery-is-layout-flex\">\n<figure class=\"wp-block-image size-large\"><img loading=\"lazy\" decoding=\"async\" width=\"768\" height=\"1024\" data-id=\"2975\" src=\"https:\/\/colegiosalgueiro.com.br\/escola-em-interlagos\/wp-content\/uploads\/2023\/03\/davi-1-768x1024.jpg\" alt=\"Col\u00e9gio Salgueiro\" class=\"wp-image-2975\" title=\"Col\u00e9gio Salgueiro\" srcset=\"https:\/\/colegiosalgueiro.com.br\/escola-em-interlagos\/wp-content\/uploads\/2023\/03\/davi-1-768x1024.jpg 768w, https:\/\/colegiosalgueiro.com.br\/escola-em-interlagos\/wp-content\/uploads\/2023\/03\/davi-1-225x300.jpg 225w, https:\/\/colegiosalgueiro.com.br\/escola-em-interlagos\/wp-content\/uploads\/2023\/03\/davi-1-1152x1536.jpg 1152w, https:\/\/colegiosalgueiro.com.br\/escola-em-interlagos\/wp-content\/uploads\/2023\/03\/davi-1-1536x2048.jpg 1536w, https:\/\/colegiosalgueiro.com.br\/escola-em-interlagos\/wp-content\/uploads\/2023\/03\/davi-1-scaled.jpg 1920w\" sizes=\"auto, (max-width: 768px) 100vw, 768px\" \/><\/figure>\n\n\n\n<figure class=\"wp-block-image size-large\"><img loading=\"lazy\" decoding=\"async\" width=\"768\" height=\"1024\" data-id=\"2977\" src=\"https:\/\/colegiosalgueiro.com.br\/escola-em-interlagos\/wp-content\/uploads\/2023\/03\/erica-768x1024.jpg\" alt=\"Col\u00e9gio Salgueiro\" class=\"wp-image-2977\" title=\"Col\u00e9gio Salgueiro\" srcset=\"https:\/\/colegiosalgueiro.com.br\/escola-em-interlagos\/wp-content\/uploads\/2023\/03\/erica-768x1024.jpg 768w, https:\/\/colegiosalgueiro.com.br\/escola-em-interlagos\/wp-content\/uploads\/2023\/03\/erica-225x300.jpg 225w, https:\/\/colegiosalgueiro.com.br\/escola-em-interlagos\/wp-content\/uploads\/2023\/03\/erica-1152x1536.jpg 1152w, https:\/\/colegiosalgueiro.com.br\/escola-em-interlagos\/wp-content\/uploads\/2023\/03\/erica-1536x2048.jpg 1536w, https:\/\/colegiosalgueiro.com.br\/escola-em-interlagos\/wp-content\/uploads\/2023\/03\/erica-scaled.jpg 1920w\" sizes=\"auto, (max-width: 768px) 100vw, 768px\" \/><\/figure>\n<\/figure>\n\n\n\n<figure class=\"wp-block-gallery has-nested-images columns-default is-cropped wp-block-gallery-3 is-layout-flex wp-block-gallery-is-layout-flex\">\n<figure class=\"wp-block-image size-large\"><img loading=\"lazy\" decoding=\"async\" width=\"768\" height=\"1024\" data-id=\"2978\" src=\"https:\/\/colegiosalgueiro.com.br\/escola-em-interlagos\/wp-content\/uploads\/2023\/03\/rita-768x1024.jpg\" alt=\"Col\u00e9gio Salgueiro\" class=\"wp-image-2978\" title=\"Col\u00e9gio Salgueiro\" srcset=\"https:\/\/colegiosalgueiro.com.br\/escola-em-interlagos\/wp-content\/uploads\/2023\/03\/rita-768x1024.jpg 768w, https:\/\/colegiosalgueiro.com.br\/escola-em-interlagos\/wp-content\/uploads\/2023\/03\/rita-225x300.jpg 225w, https:\/\/colegiosalgueiro.com.br\/escola-em-interlagos\/wp-content\/uploads\/2023\/03\/rita-1152x1536.jpg 1152w, https:\/\/colegiosalgueiro.com.br\/escola-em-interlagos\/wp-content\/uploads\/2023\/03\/rita-1536x2048.jpg 1536w, https:\/\/colegiosalgueiro.com.br\/escola-em-interlagos\/wp-content\/uploads\/2023\/03\/rita-scaled.jpg 1920w\" sizes=\"auto, (max-width: 768px) 100vw, 768px\" \/><\/figure>\n<\/figure>\n","protected":false},"excerpt":{"rendered":"<p>&nbsp;Hoje foi dia de reencontrar amigos, matar a saudade e iniciar um novo ciclo! Educa\u00e7\u00e3o Infantil e Fund. Anos Iniciais voltaram \u00e0s aulas e encheram a gente de alegria! Teve abra\u00e7o apertado, brincadeira para integrar as turmas e at\u00e9 picol\u00e9 para come\u00e7ar o ano de um jeito bem alegre e divertido!<\/p>\n","protected":false},"author":2,"featured_media":2988,"comment_status":"closed","ping_status":"closed","sticky":false,"template":"","format":"standard","meta":{"_acf_changed":false,"inline_featured_image":false,"footnotes":""},"categories":[1],"tags":[],"class_list":["post-2967","post","type-post","status-publish","format-standard","has-post-thumbnail","hentry","category-salgueiro"],"acf":[],"_links":{"self":[{"href":"https:\/\/colegiosalgueiro.com.br\/escola-em-interlagos\/wp-json\/wp\/v2\/posts\/2967","targetHints":{"allow":["GET"]}}],"collection":[{"href":"https:\/\/colegiosalgueiro.com.br\/escola-em-interlagos\/wp-json\/wp\/v2\/posts"}],"about":[{"href":"https:\/\/colegiosalgueiro.com.br\/escola-em-interlagos\/wp-json\/wp\/v2\/types\/post"}],"author":[{"embeddable":true,"href":"https:\/\/colegiosalgueiro.com.br\/escola-em-interlagos\/wp-json\/wp\/v2\/users\/2"}],"replies":[{"embeddable":true,"href":"https:\/\/colegiosalgueiro.com.br\/escola-em-interlagos\/wp-json\/wp\/v2\/comments?post=2967"}],"version-history":[{"count":2,"href":"https:\/\/colegiosalgueiro.com.br\/escola-em-interlagos\/wp-json\/wp\/v2\/posts\/2967\/revisions"}],"predecessor-version":[{"id":2992,"href":"https:\/\/colegiosalgueiro.com.br\/escola-em-interlagos\/wp-json\/wp\/v2\/posts\/2967\/revisions\/2992"}],"wp:featuredmedia":[{"embeddable":true,"href":"https:\/\/colegiosalgueiro.com.br\/escola-em-interlagos\/wp-json\/wp\/v2\/media\/2988"}],"wp:attachment":[{"href":"https:\/\/colegiosalgueiro.com.br\/escola-em-interlagos\/wp-json\/wp\/v2\/media?parent=2967"}],"wp:term":[{"taxonomy":"category","embeddable":true,"href":"https:\/\/colegiosalgueiro.com.br\/escola-em-interlagos\/wp-json\/wp\/v2\/categories?post=2967"},{"taxonomy":"post_tag","embeddable":true,"href":"https:\/\/colegiosalgueiro.com.br\/escola-em-interlagos\/wp-json\/wp\/v2\/tags?post=2967"}],"curies":[{"name":"wp","href":"https:\/\/api.w.org\/{rel}","templated":true}]}}