{"id":2912,"date":"2022-09-23T17:23:23","date_gmt":"2022-09-23T20:23:23","guid":{"rendered":"https:\/\/colegiosalgueiro.com.br\/escola-em-interlagos\/?p=2912"},"modified":"2022-09-23T17:27:51","modified_gmt":"2022-09-23T20:27:51","slug":"torneio-esportivo-e-destaque-por-reunir-criancas-de-ate-12-anos","status":"publish","type":"post","link":"https:\/\/colegiosalgueiro.com.br\/escola-em-interlagos\/2022\/09\/23\/torneio-esportivo-e-destaque-por-reunir-criancas-de-ate-12-anos\/","title":{"rendered":"Torneio esportivo \u00e9 destaque por reunir crian\u00e7as de at\u00e9 12 anos"},"content":{"rendered":"\n\n\n<p>Come\u00e7ou o 21\u00ba Interkids! A abertura ficou por conta de nossos pequenos atletas da Educa\u00e7\u00e3o Infantil e 1\u00ba ano, que participaram do Festival de Jud\u00f4. E eles deram um show no tatame!<\/p>\n\n\n\n<p>O <strong>Interkids<\/strong> \u00e9 um torneio esportivo promovido pelo Col\u00e9gio Salgueiro para crian\u00e7as de at\u00e9 12 anos. A competi\u00e7\u00e3o, realizada h\u00e1 21 anos, j\u00e1 se tornou tradi\u00e7\u00e3o e re\u00fane alguns dos principais col\u00e9gios da cidade de S\u00e3o Paulo. Al\u00e9m de promover a pr\u00e1tica esportiva e a troca de experi\u00eancia entre os participantes, contribui para o surgimento de novos talentos.<\/p>\n\n\n\n<p>Fique de olho na programa\u00e7\u00e3o!<\/p>\n\n\n\n<p><strong>S\u00e1bados (24\/09 e 01\/10)<\/strong> &#8211; jogos das modalidades coletivas &#8211; 9h \u00e0s 16h<\/p>\n\n\n\n<p><strong>Segunda a sexta-feira (26 a 30\/09)<\/strong> &#8211; jogos das modalidades coletivas &#8211; 18h20 \u00e0s 21h00<\/p>\n\n\n\n<p><a href=\"https:\/\/sites.google.com\/colegiosalgueiro.com.br\/esporte-salg\/in%C3%ADcio\"><strong>Clique aqui<\/strong><\/a> para ficar por dentro dos hor\u00e1rios dos jogos e acompanhar o resultado das <\/p>\n\n\n\n<p>&nbsp;partidas.<\/p>\n\n\n\n<p>O Interkids \u00e9 um evento aberto \u00e0s fam\u00edlias, alunos, escola convidadas e p\u00fablico em geral.<\/p>\n\n\n\n<figure class=\"wp-block-gallery has-nested-images columns-default is-cropped wp-block-gallery-1 is-layout-flex wp-block-gallery-is-layout-flex\">\n<figure class=\"wp-block-image size-large\"><img loading=\"lazy\" decoding=\"async\" width=\"1000\" height=\"750\" data-id=\"2914\" src=\"https:\/\/colegiosalgueiro.com.br\/escola-em-interlagos\/wp-content\/uploads\/2022\/09\/2-13.jpg\" alt=\"Col\u00e9gio Salgueiro\" class=\"wp-image-2914\" title=\"Col\u00e9gio Salgueiro\" srcset=\"https:\/\/colegiosalgueiro.com.br\/escola-em-interlagos\/wp-content\/uploads\/2022\/09\/2-13.jpg 1000w, https:\/\/colegiosalgueiro.com.br\/escola-em-interlagos\/wp-content\/uploads\/2022\/09\/2-13-300x225.jpg 300w, https:\/\/colegiosalgueiro.com.br\/escola-em-interlagos\/wp-content\/uploads\/2022\/09\/2-13-768x576.jpg 768w\" sizes=\"auto, (max-width: 1000px) 100vw, 1000px\" \/><\/figure>\n\n\n\n<figure class=\"wp-block-image size-large\"><img loading=\"lazy\" decoding=\"async\" width=\"1000\" height=\"802\" data-id=\"2919\" src=\"https:\/\/colegiosalgueiro.com.br\/escola-em-interlagos\/wp-content\/uploads\/2022\/09\/3-13.jpg\" alt=\"Col\u00e9gio Salgueiro\" class=\"wp-image-2919\" title=\"Col\u00e9gio Salgueiro\" srcset=\"https:\/\/colegiosalgueiro.com.br\/escola-em-interlagos\/wp-content\/uploads\/2022\/09\/3-13.jpg 1000w, https:\/\/colegiosalgueiro.com.br\/escola-em-interlagos\/wp-content\/uploads\/2022\/09\/3-13-300x241.jpg 300w, https:\/\/colegiosalgueiro.com.br\/escola-em-interlagos\/wp-content\/uploads\/2022\/09\/3-13-768x616.jpg 768w\" sizes=\"auto, (max-width: 1000px) 100vw, 1000px\" \/><\/figure>\n\n\n\n<figure class=\"wp-block-image size-large\"><img loading=\"lazy\" decoding=\"async\" width=\"1000\" height=\"777\" data-id=\"2916\" src=\"https:\/\/colegiosalgueiro.com.br\/escola-em-interlagos\/wp-content\/uploads\/2022\/09\/4-13.jpg\" alt=\"Col\u00e9gio Salgueiro\" class=\"wp-image-2916\" title=\"Col\u00e9gio Salgueiro\" srcset=\"https:\/\/colegiosalgueiro.com.br\/escola-em-interlagos\/wp-content\/uploads\/2022\/09\/4-13.jpg 1000w, https:\/\/colegiosalgueiro.com.br\/escola-em-interlagos\/wp-content\/uploads\/2022\/09\/4-13-300x233.jpg 300w, https:\/\/colegiosalgueiro.com.br\/escola-em-interlagos\/wp-content\/uploads\/2022\/09\/4-13-768x597.jpg 768w\" sizes=\"auto, (max-width: 1000px) 100vw, 1000px\" \/><\/figure>\n\n\n\n<figure class=\"wp-block-image size-large\"><img loading=\"lazy\" decoding=\"async\" width=\"1000\" height=\"763\" data-id=\"2918\" src=\"https:\/\/colegiosalgueiro.com.br\/escola-em-interlagos\/wp-content\/uploads\/2022\/09\/5-9.jpg\" alt=\"Col\u00e9gio Salgueiro\" class=\"wp-image-2918\" title=\"Col\u00e9gio Salgueiro\" srcset=\"https:\/\/colegiosalgueiro.com.br\/escola-em-interlagos\/wp-content\/uploads\/2022\/09\/5-9.jpg 1000w, https:\/\/colegiosalgueiro.com.br\/escola-em-interlagos\/wp-content\/uploads\/2022\/09\/5-9-300x229.jpg 300w, https:\/\/colegiosalgueiro.com.br\/escola-em-interlagos\/wp-content\/uploads\/2022\/09\/5-9-768x586.jpg 768w\" sizes=\"auto, (max-width: 1000px) 100vw, 1000px\" \/><\/figure>\n\n\n\n<figure class=\"wp-block-image size-large\"><img loading=\"lazy\" decoding=\"async\" width=\"1000\" height=\"800\" data-id=\"2917\" src=\"https:\/\/colegiosalgueiro.com.br\/escola-em-interlagos\/wp-content\/uploads\/2022\/09\/6-2.jpg\" alt=\"Col\u00e9gio Salgueiro\" class=\"wp-image-2917\" title=\"Col\u00e9gio Salgueiro\" srcset=\"https:\/\/colegiosalgueiro.com.br\/escola-em-interlagos\/wp-content\/uploads\/2022\/09\/6-2.jpg 1000w, https:\/\/colegiosalgueiro.com.br\/escola-em-interlagos\/wp-content\/uploads\/2022\/09\/6-2-300x240.jpg 300w, https:\/\/colegiosalgueiro.com.br\/escola-em-interlagos\/wp-content\/uploads\/2022\/09\/6-2-768x614.jpg 768w\" sizes=\"auto, (max-width: 1000px) 100vw, 1000px\" \/><\/figure>\n\n\n\n<figure class=\"wp-block-image size-large\"><img loading=\"lazy\" decoding=\"async\" width=\"1000\" height=\"750\" data-id=\"2915\" src=\"https:\/\/colegiosalgueiro.com.br\/escola-em-interlagos\/wp-content\/uploads\/2022\/09\/7-3.jpg\" alt=\"Col\u00e9gio Salgueiro\" class=\"wp-image-2915\" title=\"Col\u00e9gio Salgueiro\" srcset=\"https:\/\/colegiosalgueiro.com.br\/escola-em-interlagos\/wp-content\/uploads\/2022\/09\/7-3.jpg 1000w, https:\/\/colegiosalgueiro.com.br\/escola-em-interlagos\/wp-content\/uploads\/2022\/09\/7-3-300x225.jpg 300w, https:\/\/colegiosalgueiro.com.br\/escola-em-interlagos\/wp-content\/uploads\/2022\/09\/7-3-768x576.jpg 768w\" sizes=\"auto, (max-width: 1000px) 100vw, 1000px\" \/><\/figure>\n<\/figure>\n","protected":false},"excerpt":{"rendered":"<p>Come\u00e7ou o 21\u00ba Interkids! A abertura ficou por conta de nossos pequenos atletas da Educa\u00e7\u00e3o Infantil e 1\u00ba ano, que participaram do Festival de Jud\u00f4. E eles deram um show no tatame! O Interkids \u00e9 um torneio esportivo promovido pelo Col\u00e9gio Salgueiro para crian\u00e7as de at\u00e9 12 anos. A competi\u00e7\u00e3o, realizada h\u00e1 21 anos, j\u00e1 [&#8230;]\n","protected":false},"author":2,"featured_media":2913,"comment_status":"closed","ping_status":"closed","sticky":false,"template":"","format":"standard","meta":{"_acf_changed":false,"inline_featured_image":false,"footnotes":""},"categories":[3,17],"tags":[],"class_list":["post-2912","post","type-post","status-publish","format-standard","has-post-thumbnail","hentry","category-blog","category-esporte"],"acf":[],"_links":{"self":[{"href":"https:\/\/colegiosalgueiro.com.br\/escola-em-interlagos\/wp-json\/wp\/v2\/posts\/2912","targetHints":{"allow":["GET"]}}],"collection":[{"href":"https:\/\/colegiosalgueiro.com.br\/escola-em-interlagos\/wp-json\/wp\/v2\/posts"}],"about":[{"href":"https:\/\/colegiosalgueiro.com.br\/escola-em-interlagos\/wp-json\/wp\/v2\/types\/post"}],"author":[{"embeddable":true,"href":"https:\/\/colegiosalgueiro.com.br\/escola-em-interlagos\/wp-json\/wp\/v2\/users\/2"}],"replies":[{"embeddable":true,"href":"https:\/\/colegiosalgueiro.com.br\/escola-em-interlagos\/wp-json\/wp\/v2\/comments?post=2912"}],"version-history":[{"count":2,"href":"https:\/\/colegiosalgueiro.com.br\/escola-em-interlagos\/wp-json\/wp\/v2\/posts\/2912\/revisions"}],"predecessor-version":[{"id":2921,"href":"https:\/\/colegiosalgueiro.com.br\/escola-em-interlagos\/wp-json\/wp\/v2\/posts\/2912\/revisions\/2921"}],"wp:featuredmedia":[{"embeddable":true,"href":"https:\/\/colegiosalgueiro.com.br\/escola-em-interlagos\/wp-json\/wp\/v2\/media\/2913"}],"wp:attachment":[{"href":"https:\/\/colegiosalgueiro.com.br\/escola-em-interlagos\/wp-json\/wp\/v2\/media?parent=2912"}],"wp:term":[{"taxonomy":"category","embeddable":true,"href":"https:\/\/colegiosalgueiro.com.br\/escola-em-interlagos\/wp-json\/wp\/v2\/categories?post=2912"},{"taxonomy":"post_tag","embeddable":true,"href":"https:\/\/colegiosalgueiro.com.br\/escola-em-interlagos\/wp-json\/wp\/v2\/tags?post=2912"}],"curies":[{"name":"wp","href":"https:\/\/api.w.org\/{rel}","templated":true}]}}