{"id":2884,"date":"2022-09-23T15:19:09","date_gmt":"2022-09-23T18:19:09","guid":{"rendered":"https:\/\/colegiosalgueiro.com.br\/escola-em-interlagos\/?p=2884"},"modified":"2022-09-23T15:26:16","modified_gmt":"2022-09-23T18:26:16","slug":"novo-ensino-medio-explicado-por-que-mais-entende","status":"publish","type":"post","link":"https:\/\/colegiosalgueiro.com.br\/escola-em-interlagos\/2022\/09\/23\/novo-ensino-medio-explicado-por-que-mais-entende\/","title":{"rendered":"Novo Ensino M\u00e9dio explicado por quem mais entende"},"content":{"rendered":"\n\n\n<p>O Novo Ensino M\u00e9dio por quem mais entende do assunto: os pr\u00f3prios estudantes!<\/p>\n\n\n\n<p>Foram eles que conduziram o &#8220;Itinerando&#8221;, projeto que faz um trocadilho com os itiner\u00e1rios escolhidos pelos estudantes durante este ciclo.<\/p>\n\n\n\n<p>Os alunos compartilharam projetos e experi\u00eancias que tiveram durante o primeiro semestre com os colegas do 9\u00ba ano.&nbsp;<\/p>\n\n\n\n<p>Eles mostraram, de uma forma pr\u00e1tica e simples, como esse jeito novo de aprender torna tudo mais interessante. Quer coisa melhor?<\/p>\n\n\n\n<h3 class=\"wp-block-heading\">MAIS SOBRE O NOVO ENSINO M\u00c9DIO<\/h3>\n\n\n\n<p>No Salgueiro, o estudante faz a sua escolha e se aprofunda no itiner\u00e1rio da \u00e1rea que gosta mais. O aprendizado acontece por meio de projetos, o que permite uma maior aproxima\u00e7\u00e3o com a pr\u00e1tica e a constru\u00e7\u00e3o do conhecimento junto com o professor. E mais: disciplinas fundamentais para a forma\u00e7\u00e3o integral do estudante est\u00e3o no curr\u00edculo e imprimem a marca do Salgueiro, dando espa\u00e7o para ele construir seu projeto de vida al\u00e9m do curr\u00edculo profissional.<\/p>\n\n\n\n<h4 class=\"wp-block-heading\">ELETIVAS NO CONTRATURNO (sem custo adicional)<\/h4>\n\n\n\n<p>\u2013 Academia de Alto Desempenho<\/p>\n\n\n\n<p>Auxilia o estudante para tra\u00e7ar um plano de estudo individualizado e alcan\u00e7ar o melhor resultado, contando com a tutoria de um professor.<\/p>\n\n\n\n<p>\u2013 Cineclube<\/p>\n\n\n\n<p>Incentiva a troca de ideias sobre temas do cotidiano e o processo de argumenta\u00e7\u00e3o, dando mais seguran\u00e7a nos processos seletivos.<\/p>\n\n\n\n<p>\u2013 Esporte<\/p>\n\n\n\n<p>\u00c9 utilizado como instrumento de aprendizagem, importante para despertar habilidades como esp\u00edrito de lideran\u00e7a e solu\u00e7\u00e3o de problemas.<\/p>\n\n\n\n<h3 class=\"wp-block-heading\">ENSINO M\u00c9DIO NO SALGUEIRO<\/h3>\n\n\n\n<p>Para saber mais sobre o Novo Ensino M\u00e9dio do Salgueiro, <a href=\"https:\/\/colegiosalgueiro.com.br\/escola-em-interlagos\/ensino-medio-colegio-salgueiro-interlagos\/\">clique aqui<\/a>.<\/p>\n\n\n\n<figure class=\"wp-block-gallery has-nested-images columns-default is-cropped wp-block-gallery-1 is-layout-flex wp-block-gallery-is-layout-flex\">\n<figure class=\"wp-block-image size-large\"><img loading=\"lazy\" decoding=\"async\" width=\"1000\" height=\"750\" data-id=\"2890\" src=\"https:\/\/colegiosalgueiro.com.br\/escola-em-interlagos\/wp-content\/uploads\/2022\/09\/2-11.jpg\" alt=\"Col\u00e9gio Salgueiro\" class=\"wp-image-2890\" title=\"Col\u00e9gio Salgueiro\" srcset=\"https:\/\/colegiosalgueiro.com.br\/escola-em-interlagos\/wp-content\/uploads\/2022\/09\/2-11.jpg 1000w, https:\/\/colegiosalgueiro.com.br\/escola-em-interlagos\/wp-content\/uploads\/2022\/09\/2-11-300x225.jpg 300w, https:\/\/colegiosalgueiro.com.br\/escola-em-interlagos\/wp-content\/uploads\/2022\/09\/2-11-768x576.jpg 768w\" sizes=\"auto, (max-width: 1000px) 100vw, 1000px\" \/><\/figure>\n\n\n\n<figure class=\"wp-block-image size-large\"><img loading=\"lazy\" decoding=\"async\" width=\"1000\" height=\"750\" data-id=\"2891\" src=\"https:\/\/colegiosalgueiro.com.br\/escola-em-interlagos\/wp-content\/uploads\/2022\/09\/3-11.jpg\" alt=\"Col\u00e9gio Salgueiro\" class=\"wp-image-2891\" title=\"Col\u00e9gio Salgueiro\" srcset=\"https:\/\/colegiosalgueiro.com.br\/escola-em-interlagos\/wp-content\/uploads\/2022\/09\/3-11.jpg 1000w, https:\/\/colegiosalgueiro.com.br\/escola-em-interlagos\/wp-content\/uploads\/2022\/09\/3-11-300x225.jpg 300w, https:\/\/colegiosalgueiro.com.br\/escola-em-interlagos\/wp-content\/uploads\/2022\/09\/3-11-768x576.jpg 768w\" sizes=\"auto, (max-width: 1000px) 100vw, 1000px\" \/><\/figure>\n\n\n\n<figure class=\"wp-block-image size-large\"><img loading=\"lazy\" decoding=\"async\" width=\"1000\" height=\"750\" data-id=\"2892\" src=\"https:\/\/colegiosalgueiro.com.br\/escola-em-interlagos\/wp-content\/uploads\/2022\/09\/4-10.jpg\" alt=\"Col\u00e9gio Salgueiro\" class=\"wp-image-2892\" title=\"Col\u00e9gio Salgueiro\" srcset=\"https:\/\/colegiosalgueiro.com.br\/escola-em-interlagos\/wp-content\/uploads\/2022\/09\/4-10.jpg 1000w, https:\/\/colegiosalgueiro.com.br\/escola-em-interlagos\/wp-content\/uploads\/2022\/09\/4-10-300x225.jpg 300w, https:\/\/colegiosalgueiro.com.br\/escola-em-interlagos\/wp-content\/uploads\/2022\/09\/4-10-768x576.jpg 768w\" sizes=\"auto, (max-width: 1000px) 100vw, 1000px\" \/><\/figure>\n\n\n\n<figure class=\"wp-block-image size-large\"><img loading=\"lazy\" decoding=\"async\" width=\"1000\" height=\"750\" data-id=\"2893\" src=\"https:\/\/colegiosalgueiro.com.br\/escola-em-interlagos\/wp-content\/uploads\/2022\/09\/5-7.jpg\" alt=\"Col\u00e9gio Salgueiro\" class=\"wp-image-2893\" title=\"Col\u00e9gio Salgueiro\" srcset=\"https:\/\/colegiosalgueiro.com.br\/escola-em-interlagos\/wp-content\/uploads\/2022\/09\/5-7.jpg 1000w, https:\/\/colegiosalgueiro.com.br\/escola-em-interlagos\/wp-content\/uploads\/2022\/09\/5-7-300x225.jpg 300w, https:\/\/colegiosalgueiro.com.br\/escola-em-interlagos\/wp-content\/uploads\/2022\/09\/5-7-768x576.jpg 768w\" sizes=\"auto, (max-width: 1000px) 100vw, 1000px\" \/><\/figure>\n<\/figure>\n","protected":false},"excerpt":{"rendered":"<p>O Novo Ensino M\u00e9dio por quem mais entende do assunto: os pr\u00f3prios estudantes! Foram eles que conduziram o &#8220;Itinerando&#8221;, projeto que faz um trocadilho com os itiner\u00e1rios escolhidos pelos estudantes durante este ciclo. Os alunos compartilharam projetos e experi\u00eancias que tiveram durante o primeiro semestre com os colegas do 9\u00ba ano.&nbsp; Eles mostraram, de uma [&#8230;]\n","protected":false},"author":2,"featured_media":2887,"comment_status":"closed","ping_status":"closed","sticky":false,"template":"","format":"standard","meta":{"_acf_changed":false,"inline_featured_image":false,"footnotes":""},"categories":[3,8],"tags":[19],"class_list":["post-2884","post","type-post","status-publish","format-standard","has-post-thumbnail","hentry","category-blog","category-ensino-medio","tag-ensino-medio"],"acf":[],"_links":{"self":[{"href":"https:\/\/colegiosalgueiro.com.br\/escola-em-interlagos\/wp-json\/wp\/v2\/posts\/2884","targetHints":{"allow":["GET"]}}],"collection":[{"href":"https:\/\/colegiosalgueiro.com.br\/escola-em-interlagos\/wp-json\/wp\/v2\/posts"}],"about":[{"href":"https:\/\/colegiosalgueiro.com.br\/escola-em-interlagos\/wp-json\/wp\/v2\/types\/post"}],"author":[{"embeddable":true,"href":"https:\/\/colegiosalgueiro.com.br\/escola-em-interlagos\/wp-json\/wp\/v2\/users\/2"}],"replies":[{"embeddable":true,"href":"https:\/\/colegiosalgueiro.com.br\/escola-em-interlagos\/wp-json\/wp\/v2\/comments?post=2884"}],"version-history":[{"count":3,"href":"https:\/\/colegiosalgueiro.com.br\/escola-em-interlagos\/wp-json\/wp\/v2\/posts\/2884\/revisions"}],"predecessor-version":[{"id":2897,"href":"https:\/\/colegiosalgueiro.com.br\/escola-em-interlagos\/wp-json\/wp\/v2\/posts\/2884\/revisions\/2897"}],"wp:featuredmedia":[{"embeddable":true,"href":"https:\/\/colegiosalgueiro.com.br\/escola-em-interlagos\/wp-json\/wp\/v2\/media\/2887"}],"wp:attachment":[{"href":"https:\/\/colegiosalgueiro.com.br\/escola-em-interlagos\/wp-json\/wp\/v2\/media?parent=2884"}],"wp:term":[{"taxonomy":"category","embeddable":true,"href":"https:\/\/colegiosalgueiro.com.br\/escola-em-interlagos\/wp-json\/wp\/v2\/categories?post=2884"},{"taxonomy":"post_tag","embeddable":true,"href":"https:\/\/colegiosalgueiro.com.br\/escola-em-interlagos\/wp-json\/wp\/v2\/tags?post=2884"}],"curies":[{"name":"wp","href":"https:\/\/api.w.org\/{rel}","templated":true}]}}