{"id":2847,"date":"2022-09-19T16:59:53","date_gmt":"2022-09-19T19:59:53","guid":{"rendered":"https:\/\/colegiosalgueiro.com.br\/escola-em-interlagos\/?p=2847"},"modified":"2022-09-19T16:59:55","modified_gmt":"2022-09-19T19:59:55","slug":"fundamental-participa-da-olimpiada-brasileira-de-matematica","status":"publish","type":"post","link":"https:\/\/colegiosalgueiro.com.br\/escola-em-interlagos\/2022\/09\/19\/fundamental-participa-da-olimpiada-brasileira-de-matematica\/","title":{"rendered":"Fundamental participa da Olimp\u00edada Brasileira de Matem\u00e1tica"},"content":{"rendered":"\n\n\n<p>Estudantes do 8\u00ba e 9\u00ba anos receberam os certificados de participa\u00e7\u00e3o na Olimp\u00edada Brasileira de Matem\u00e1tica deste ano. Dois deles passaram para a pr\u00f3xima fase!<\/p>\n\n\n\n<p>A olimp\u00edada tem como objetivo estimular o estudo da Matem\u00e1tica e identificar jovens talentos. Por aqui, podem surgir alguns deles!<\/p>\n\n\n\n<h3 class=\"wp-block-heading\">SOBRE A OBMEP<\/h3>\n\n\n\n<p><a href=\"http:\/\/www.obmep.org.br\/\" rel=\"nofollow noopener\" target=\"_blank\">CLIQUE AQUI<\/a> para saber mais sobre a Olimp\u00edada Brasileira de Matem\u00e1tica.<\/p>\n\n\n\n<h3 class=\"wp-block-heading\">SOBRE O FUNDAMENTAL<\/h3>\n\n\n\n<p>Para ter mais informa\u00e7\u00f5es do Fundamental do Salgueiro, <a href=\"https:\/\/colegiosalgueiro.com.br\/escola-em-interlagos\/ensino-fundamental-colegio-salgueiro-interlagos\/\">CLIQUE AQUI<\/a>.<\/p>\n\n\n\n<figure class=\"wp-block-gallery has-nested-images columns-default is-cropped wp-block-gallery-1 is-layout-flex wp-block-gallery-is-layout-flex\">\n<figure class=\"wp-block-image size-large\"><img loading=\"lazy\" decoding=\"async\" width=\"1000\" height=\"750\" data-id=\"2850\" src=\"https:\/\/colegiosalgueiro.com.br\/escola-em-interlagos\/wp-content\/uploads\/2022\/09\/2-8.jpg\" alt=\"Col\u00e9gio Salgueiro\" class=\"wp-image-2850\" title=\"Col\u00e9gio Salgueiro\" srcset=\"https:\/\/colegiosalgueiro.com.br\/escola-em-interlagos\/wp-content\/uploads\/2022\/09\/2-8.jpg 1000w, https:\/\/colegiosalgueiro.com.br\/escola-em-interlagos\/wp-content\/uploads\/2022\/09\/2-8-300x225.jpg 300w, https:\/\/colegiosalgueiro.com.br\/escola-em-interlagos\/wp-content\/uploads\/2022\/09\/2-8-768x576.jpg 768w\" sizes=\"auto, (max-width: 1000px) 100vw, 1000px\" \/><\/figure>\n\n\n\n<figure class=\"wp-block-image size-large\"><img loading=\"lazy\" decoding=\"async\" width=\"1000\" height=\"750\" data-id=\"2849\" src=\"https:\/\/colegiosalgueiro.com.br\/escola-em-interlagos\/wp-content\/uploads\/2022\/09\/3-8.jpg\" alt=\"Col\u00e9gio Salgueiro\" class=\"wp-image-2849\" title=\"Col\u00e9gio Salgueiro\" srcset=\"https:\/\/colegiosalgueiro.com.br\/escola-em-interlagos\/wp-content\/uploads\/2022\/09\/3-8.jpg 1000w, https:\/\/colegiosalgueiro.com.br\/escola-em-interlagos\/wp-content\/uploads\/2022\/09\/3-8-300x225.jpg 300w, https:\/\/colegiosalgueiro.com.br\/escola-em-interlagos\/wp-content\/uploads\/2022\/09\/3-8-768x576.jpg 768w\" sizes=\"auto, (max-width: 1000px) 100vw, 1000px\" \/><\/figure>\n<\/figure>\n","protected":false},"excerpt":{"rendered":"<p>Estudantes do 8\u00ba e 9\u00ba anos receberam os certificados de participa\u00e7\u00e3o na Olimp\u00edada Brasileira de Matem\u00e1tica deste ano. Dois deles passaram para a pr\u00f3xima fase! A olimp\u00edada tem como objetivo estimular o estudo da Matem\u00e1tica e identificar jovens talentos. Por aqui, podem surgir alguns deles! SOBRE A OBMEP CLIQUE AQUI para saber mais sobre a [&#8230;]\n","protected":false},"author":2,"featured_media":2848,"comment_status":"closed","ping_status":"closed","sticky":false,"template":"","format":"standard","meta":{"_acf_changed":false,"inline_featured_image":false,"footnotes":""},"categories":[3],"tags":[12],"class_list":["post-2847","post","type-post","status-publish","format-standard","has-post-thumbnail","hentry","category-blog","tag-ensino-fundamental"],"acf":[],"_links":{"self":[{"href":"https:\/\/colegiosalgueiro.com.br\/escola-em-interlagos\/wp-json\/wp\/v2\/posts\/2847","targetHints":{"allow":["GET"]}}],"collection":[{"href":"https:\/\/colegiosalgueiro.com.br\/escola-em-interlagos\/wp-json\/wp\/v2\/posts"}],"about":[{"href":"https:\/\/colegiosalgueiro.com.br\/escola-em-interlagos\/wp-json\/wp\/v2\/types\/post"}],"author":[{"embeddable":true,"href":"https:\/\/colegiosalgueiro.com.br\/escola-em-interlagos\/wp-json\/wp\/v2\/users\/2"}],"replies":[{"embeddable":true,"href":"https:\/\/colegiosalgueiro.com.br\/escola-em-interlagos\/wp-json\/wp\/v2\/comments?post=2847"}],"version-history":[{"count":1,"href":"https:\/\/colegiosalgueiro.com.br\/escola-em-interlagos\/wp-json\/wp\/v2\/posts\/2847\/revisions"}],"predecessor-version":[{"id":2851,"href":"https:\/\/colegiosalgueiro.com.br\/escola-em-interlagos\/wp-json\/wp\/v2\/posts\/2847\/revisions\/2851"}],"wp:featuredmedia":[{"embeddable":true,"href":"https:\/\/colegiosalgueiro.com.br\/escola-em-interlagos\/wp-json\/wp\/v2\/media\/2848"}],"wp:attachment":[{"href":"https:\/\/colegiosalgueiro.com.br\/escola-em-interlagos\/wp-json\/wp\/v2\/media?parent=2847"}],"wp:term":[{"taxonomy":"category","embeddable":true,"href":"https:\/\/colegiosalgueiro.com.br\/escola-em-interlagos\/wp-json\/wp\/v2\/categories?post=2847"},{"taxonomy":"post_tag","embeddable":true,"href":"https:\/\/colegiosalgueiro.com.br\/escola-em-interlagos\/wp-json\/wp\/v2\/tags?post=2847"}],"curies":[{"name":"wp","href":"https:\/\/api.w.org\/{rel}","templated":true}]}}