{"id":2750,"date":"2022-09-12T17:42:48","date_gmt":"2022-09-12T20:42:48","guid":{"rendered":"https:\/\/colegiosalgueiro.com.br\/escola-em-interlagos\/?p=2750"},"modified":"2022-09-12T17:44:42","modified_gmt":"2022-09-12T20:44:42","slug":"ex-aluno-do-salgueiro-e-sempresalgueiro","status":"publish","type":"post","link":"https:\/\/colegiosalgueiro.com.br\/escola-em-interlagos\/2022\/09\/12\/ex-aluno-do-salgueiro-e-sempresalgueiro\/","title":{"rendered":"Ex-aluno do Salgueiro \u00e9 #SempreSalgueiro"},"content":{"rendered":"\n\n\n<p>Fortes emo\u00e7\u00f5es por aqui! Tivemos o prazer de receber os ex-alunos Milleny Ara\u00fajo e Jo\u00e3o Vitor Figueiredo!<\/p>\n\n\n\n<p>A hist\u00f3ria deles com o Salgueiro \u00e9 pra l\u00e1 de especial! Milleny se formou aqui em 2014 e fez faculdade de Publicidade e Propaganda.<\/p>\n\n\n\n<p>Jo\u00e3o entrou no Salgueiro ainda pequeno e logo integrou o time de futsal. Foi a\u00ed que nasceu a paix\u00e3o dele pelo esporte! Foram in\u00fameros campeonatos, v\u00e1rias medalhas e t\u00edtulos, e um talento que ultrapassou os port\u00f5es da escola.<\/p>\n\n\n\n<h3 class=\"wp-block-heading\">#SEMPRESALGUEIRO<\/h3>\n\n\n\n<p>Jo\u00e3o jogou em times da primeira divis\u00e3o do Campeonato Brasileiro, como o Clube Atl\u00e9tico Mineiro, e hoje \u00e9 meia-atacante do Gaziantep, time profissional da Turquia.<\/p>\n\n\n\n<p>E tem mais! Um namoro de adolesc\u00eancia que uniu Milleny e Jo\u00e3o enquanto estudavam no Salgueiro agora virou coisa s\u00e9ria.<\/p>\n\n\n\n<p>Milleny e Jo\u00e3o, toda felicidade do mundo para voc\u00eas! Temos muito orgulho de ter feito parte da hist\u00f3ria de voc\u00eas!!!<\/p>\n\n\n\n<figure class=\"wp-block-gallery has-nested-images columns-default is-cropped wp-block-gallery-1 is-layout-flex wp-block-gallery-is-layout-flex\">\n<figure class=\"wp-block-image size-large\"><img loading=\"lazy\" decoding=\"async\" width=\"1000\" height=\"1000\" data-id=\"2759\" src=\"https:\/\/colegiosalgueiro.com.br\/escola-em-interlagos\/wp-content\/uploads\/2022\/09\/2a-1.jpg\" alt=\"Col\u00e9gio Salgueiro\" class=\"wp-image-2759\" title=\"Col\u00e9gio Salgueiro\" srcset=\"https:\/\/colegiosalgueiro.com.br\/escola-em-interlagos\/wp-content\/uploads\/2022\/09\/2a-1.jpg 1000w, https:\/\/colegiosalgueiro.com.br\/escola-em-interlagos\/wp-content\/uploads\/2022\/09\/2a-1-300x300.jpg 300w, https:\/\/colegiosalgueiro.com.br\/escola-em-interlagos\/wp-content\/uploads\/2022\/09\/2a-1-150x150.jpg 150w, https:\/\/colegiosalgueiro.com.br\/escola-em-interlagos\/wp-content\/uploads\/2022\/09\/2a-1-768x768.jpg 768w\" sizes=\"auto, (max-width: 1000px) 100vw, 1000px\" \/><\/figure>\n\n\n\n<figure class=\"wp-block-image size-large\"><img loading=\"lazy\" decoding=\"async\" width=\"1000\" height=\"1000\" data-id=\"2758\" src=\"https:\/\/colegiosalgueiro.com.br\/escola-em-interlagos\/wp-content\/uploads\/2022\/09\/3a-2.jpg\" alt=\"Col\u00e9gio Salgueiro\" class=\"wp-image-2758\" title=\"Col\u00e9gio Salgueiro\" srcset=\"https:\/\/colegiosalgueiro.com.br\/escola-em-interlagos\/wp-content\/uploads\/2022\/09\/3a-2.jpg 1000w, https:\/\/colegiosalgueiro.com.br\/escola-em-interlagos\/wp-content\/uploads\/2022\/09\/3a-2-300x300.jpg 300w, https:\/\/colegiosalgueiro.com.br\/escola-em-interlagos\/wp-content\/uploads\/2022\/09\/3a-2-150x150.jpg 150w, https:\/\/colegiosalgueiro.com.br\/escola-em-interlagos\/wp-content\/uploads\/2022\/09\/3a-2-768x768.jpg 768w\" sizes=\"auto, (max-width: 1000px) 100vw, 1000px\" \/><\/figure>\n\n\n\n<figure class=\"wp-block-image size-large\"><img loading=\"lazy\" decoding=\"async\" width=\"1000\" height=\"1000\" data-id=\"2760\" src=\"https:\/\/colegiosalgueiro.com.br\/escola-em-interlagos\/wp-content\/uploads\/2022\/09\/4a-1.jpg\" alt=\"Col\u00e9gio Salgueiro\" class=\"wp-image-2760\" title=\"Col\u00e9gio Salgueiro\" srcset=\"https:\/\/colegiosalgueiro.com.br\/escola-em-interlagos\/wp-content\/uploads\/2022\/09\/4a-1.jpg 1000w, https:\/\/colegiosalgueiro.com.br\/escola-em-interlagos\/wp-content\/uploads\/2022\/09\/4a-1-300x300.jpg 300w, https:\/\/colegiosalgueiro.com.br\/escola-em-interlagos\/wp-content\/uploads\/2022\/09\/4a-1-150x150.jpg 150w, https:\/\/colegiosalgueiro.com.br\/escola-em-interlagos\/wp-content\/uploads\/2022\/09\/4a-1-768x768.jpg 768w\" sizes=\"auto, (max-width: 1000px) 100vw, 1000px\" \/><\/figure>\n<\/figure>\n\n\n\n<p><\/p>\n","protected":false},"excerpt":{"rendered":"<p>Fortes emo\u00e7\u00f5es por aqui! Tivemos o prazer de receber os ex-alunos Milleny Ara\u00fajo e Jo\u00e3o Vitor Figueiredo! A hist\u00f3ria deles com o Salgueiro \u00e9 pra l\u00e1 de especial! Milleny se formou aqui em 2014 e fez faculdade de Publicidade e Propaganda. Jo\u00e3o entrou no Salgueiro ainda pequeno e logo integrou o time de futsal. Foi [&#8230;]\n","protected":false},"author":2,"featured_media":2751,"comment_status":"closed","ping_status":"closed","sticky":false,"template":"","format":"standard","meta":{"_acf_changed":false,"inline_featured_image":false,"footnotes":""},"categories":[3,17],"tags":[18],"class_list":["post-2750","post","type-post","status-publish","format-standard","has-post-thumbnail","hentry","category-blog","category-esporte","tag-esporte"],"acf":[],"_links":{"self":[{"href":"https:\/\/colegiosalgueiro.com.br\/escola-em-interlagos\/wp-json\/wp\/v2\/posts\/2750","targetHints":{"allow":["GET"]}}],"collection":[{"href":"https:\/\/colegiosalgueiro.com.br\/escola-em-interlagos\/wp-json\/wp\/v2\/posts"}],"about":[{"href":"https:\/\/colegiosalgueiro.com.br\/escola-em-interlagos\/wp-json\/wp\/v2\/types\/post"}],"author":[{"embeddable":true,"href":"https:\/\/colegiosalgueiro.com.br\/escola-em-interlagos\/wp-json\/wp\/v2\/users\/2"}],"replies":[{"embeddable":true,"href":"https:\/\/colegiosalgueiro.com.br\/escola-em-interlagos\/wp-json\/wp\/v2\/comments?post=2750"}],"version-history":[{"count":2,"href":"https:\/\/colegiosalgueiro.com.br\/escola-em-interlagos\/wp-json\/wp\/v2\/posts\/2750\/revisions"}],"predecessor-version":[{"id":2761,"href":"https:\/\/colegiosalgueiro.com.br\/escola-em-interlagos\/wp-json\/wp\/v2\/posts\/2750\/revisions\/2761"}],"wp:featuredmedia":[{"embeddable":true,"href":"https:\/\/colegiosalgueiro.com.br\/escola-em-interlagos\/wp-json\/wp\/v2\/media\/2751"}],"wp:attachment":[{"href":"https:\/\/colegiosalgueiro.com.br\/escola-em-interlagos\/wp-json\/wp\/v2\/media?parent=2750"}],"wp:term":[{"taxonomy":"category","embeddable":true,"href":"https:\/\/colegiosalgueiro.com.br\/escola-em-interlagos\/wp-json\/wp\/v2\/categories?post=2750"},{"taxonomy":"post_tag","embeddable":true,"href":"https:\/\/colegiosalgueiro.com.br\/escola-em-interlagos\/wp-json\/wp\/v2\/tags?post=2750"}],"curies":[{"name":"wp","href":"https:\/\/api.w.org\/{rel}","templated":true}]}}