{"id":2721,"date":"2022-09-12T17:05:56","date_gmt":"2022-09-12T20:05:56","guid":{"rendered":"https:\/\/colegiosalgueiro.com.br\/escola-em-interlagos\/?p=2721"},"modified":"2022-09-12T17:27:55","modified_gmt":"2022-09-12T20:27:55","slug":"meio-ambiente-com-aluno-protagonista","status":"publish","type":"post","link":"https:\/\/colegiosalgueiro.com.br\/escola-em-interlagos\/2022\/09\/12\/meio-ambiente-com-aluno-protagonista\/","title":{"rendered":"Meio ambiente com aluno protagonista"},"content":{"rendered":"\n\n\n<p>No Dia Mundial do Meio Ambiente, 5 de junho, teve muita atividade por aqui.<\/p>\n\n\n\n<p>Na Educa\u00e7\u00e3o Infantil, tivemos v\u00eddeo sobre animais em extin\u00e7\u00e3o, cria\u00e7\u00e3o de desenhos, roda de conversa e muito mais.<\/p>\n\n\n\n<p>As atividades foram relacionadas ao projeto Fecusa (Feira Cultural do Col\u00e9gio Salgueiro) deste ano, que trata da preserva\u00e7\u00e3o do patrim\u00f4nio material e imaterial.<\/p>\n\n\n\n<h3 class=\"wp-block-heading\">ALUNO PROTAGONISTA<\/h3>\n\n\n\n<p>E n\u00e3o foi s\u00f3 isso! Tivemos um dia do Terceir\u00e3o com o Terceirinho, ou seja, uma atividade em que alunos da 3\u00aa s\u00e9rie do EM trabalharam com estudantes do 3\u00ba ano do Fundamental-Anos Iniciais.<\/p>\n\n\n\n<p>Tudo come\u00e7ou dias atr\u00e1s, quando os mais velhos percorreram a escola com os pequenos para explorar as \u00e1reas verdes. Hoje foi o dia de montar uma horta vertical com temperos e ch\u00e1s. Os alunos do Ensino M\u00e9dio tiveram a oportunidade de ser protagonistas ao ensinar sobre a import\u00e2ncia da terra e das plantas, um tema que os pequenos desenvolver\u00e3o com mais profundidade daqui h\u00e1 alguns anos.<\/p>\n\n\n\n<h3 class=\"wp-block-heading\">ENSINO M\u00c9DIO<\/h3>\n\n\n\n<p><a href=\"https:\/\/colegiosalgueiro.com.br\/escola-em-interlagos\/ensino-medio-colegio-salgueiro-interlagos\/\">CLIQUE AQUI<\/a> para saber mais sobre o Ensino M\u00e9dio do Salgueiro.<\/p>\n\n\n\n<figure class=\"wp-block-gallery has-nested-images columns-default is-cropped wp-block-gallery-1 is-layout-flex wp-block-gallery-is-layout-flex\">\n<figure class=\"wp-block-image size-large\"><img loading=\"lazy\" decoding=\"async\" width=\"1000\" height=\"750\" data-id=\"2725\" src=\"https:\/\/colegiosalgueiro.com.br\/escola-em-interlagos\/wp-content\/uploads\/2022\/09\/2.jpg\" alt=\"Col\u00e9gio Salgueiro\" class=\"wp-image-2725\" title=\"Col\u00e9gio Salgueiro\" srcset=\"https:\/\/colegiosalgueiro.com.br\/escola-em-interlagos\/wp-content\/uploads\/2022\/09\/2.jpg 1000w, https:\/\/colegiosalgueiro.com.br\/escola-em-interlagos\/wp-content\/uploads\/2022\/09\/2-300x225.jpg 300w, https:\/\/colegiosalgueiro.com.br\/escola-em-interlagos\/wp-content\/uploads\/2022\/09\/2-768x576.jpg 768w\" sizes=\"auto, (max-width: 1000px) 100vw, 1000px\" \/><\/figure>\n\n\n\n<figure class=\"wp-block-image size-large\"><img loading=\"lazy\" decoding=\"async\" width=\"1000\" height=\"1000\" data-id=\"2726\" src=\"https:\/\/colegiosalgueiro.com.br\/escola-em-interlagos\/wp-content\/uploads\/2022\/09\/5.jpg\" alt=\"Col\u00e9gio Salgueiro\" class=\"wp-image-2726\" title=\"Col\u00e9gio Salgueiro\" srcset=\"https:\/\/colegiosalgueiro.com.br\/escola-em-interlagos\/wp-content\/uploads\/2022\/09\/5.jpg 1000w, https:\/\/colegiosalgueiro.com.br\/escola-em-interlagos\/wp-content\/uploads\/2022\/09\/5-300x300.jpg 300w, https:\/\/colegiosalgueiro.com.br\/escola-em-interlagos\/wp-content\/uploads\/2022\/09\/5-150x150.jpg 150w, https:\/\/colegiosalgueiro.com.br\/escola-em-interlagos\/wp-content\/uploads\/2022\/09\/5-768x768.jpg 768w\" sizes=\"auto, (max-width: 1000px) 100vw, 1000px\" \/><\/figure>\n\n\n\n<figure class=\"wp-block-image size-large\"><img loading=\"lazy\" decoding=\"async\" width=\"1000\" height=\"750\" data-id=\"2724\" src=\"https:\/\/colegiosalgueiro.com.br\/escola-em-interlagos\/wp-content\/uploads\/2022\/09\/3.jpg\" alt=\"Col\u00e9gio Salgueiro\" class=\"wp-image-2724\" title=\"Col\u00e9gio Salgueiro\" srcset=\"https:\/\/colegiosalgueiro.com.br\/escola-em-interlagos\/wp-content\/uploads\/2022\/09\/3.jpg 1000w, https:\/\/colegiosalgueiro.com.br\/escola-em-interlagos\/wp-content\/uploads\/2022\/09\/3-300x225.jpg 300w, https:\/\/colegiosalgueiro.com.br\/escola-em-interlagos\/wp-content\/uploads\/2022\/09\/3-768x576.jpg 768w\" sizes=\"auto, (max-width: 1000px) 100vw, 1000px\" \/><\/figure>\n\n\n\n<figure class=\"wp-block-image size-large\"><img loading=\"lazy\" decoding=\"async\" width=\"1000\" height=\"750\" data-id=\"2722\" src=\"https:\/\/colegiosalgueiro.com.br\/escola-em-interlagos\/wp-content\/uploads\/2022\/09\/4.jpg\" alt=\"Col\u00e9gio Salgueiro\" class=\"wp-image-2722\" title=\"Col\u00e9gio Salgueiro\" srcset=\"https:\/\/colegiosalgueiro.com.br\/escola-em-interlagos\/wp-content\/uploads\/2022\/09\/4.jpg 1000w, https:\/\/colegiosalgueiro.com.br\/escola-em-interlagos\/wp-content\/uploads\/2022\/09\/4-300x225.jpg 300w, https:\/\/colegiosalgueiro.com.br\/escola-em-interlagos\/wp-content\/uploads\/2022\/09\/4-768x576.jpg 768w\" sizes=\"auto, (max-width: 1000px) 100vw, 1000px\" \/><\/figure>\n<\/figure>\n\n\n<div class=\"wp-block-image\">\n<figure class=\"aligncenter size-full\"><img loading=\"lazy\" decoding=\"async\" width=\"1000\" height=\"1000\" src=\"https:\/\/colegiosalgueiro.com.br\/escola-em-interlagos\/wp-content\/uploads\/2022\/09\/7-1.jpg\" alt=\"Col\u00e9gio Salgueiro\" class=\"wp-image-2728\" title=\"Col\u00e9gio Salgueiro\" srcset=\"https:\/\/colegiosalgueiro.com.br\/escola-em-interlagos\/wp-content\/uploads\/2022\/09\/7-1.jpg 1000w, https:\/\/colegiosalgueiro.com.br\/escola-em-interlagos\/wp-content\/uploads\/2022\/09\/7-1-300x300.jpg 300w, https:\/\/colegiosalgueiro.com.br\/escola-em-interlagos\/wp-content\/uploads\/2022\/09\/7-1-150x150.jpg 150w, https:\/\/colegiosalgueiro.com.br\/escola-em-interlagos\/wp-content\/uploads\/2022\/09\/7-1-768x768.jpg 768w\" sizes=\"auto, (max-width: 1000px) 100vw, 1000px\" \/><\/figure>\n<\/div>","protected":false},"excerpt":{"rendered":"<p>No Dia Mundial do Meio Ambiente, 5 de junho, teve muita atividade por aqui. Na Educa\u00e7\u00e3o Infantil, tivemos v\u00eddeo sobre animais em extin\u00e7\u00e3o, cria\u00e7\u00e3o de desenhos, roda de conversa e muito mais. As atividades foram relacionadas ao projeto Fecusa (Feira Cultural do Col\u00e9gio Salgueiro) deste ano, que trata da preserva\u00e7\u00e3o do patrim\u00f4nio material e imaterial. [&#8230;]\n","protected":false},"author":2,"featured_media":2723,"comment_status":"closed","ping_status":"closed","sticky":false,"template":"","format":"standard","meta":{"_acf_changed":false,"inline_featured_image":false,"footnotes":""},"categories":[8,3,15,11],"tags":[],"class_list":["post-2721","post","type-post","status-publish","format-standard","has-post-thumbnail","hentry","category-ensino-medio","category-blog","category-educacao-infantil","category-unesco"],"acf":[],"_links":{"self":[{"href":"https:\/\/colegiosalgueiro.com.br\/escola-em-interlagos\/wp-json\/wp\/v2\/posts\/2721","targetHints":{"allow":["GET"]}}],"collection":[{"href":"https:\/\/colegiosalgueiro.com.br\/escola-em-interlagos\/wp-json\/wp\/v2\/posts"}],"about":[{"href":"https:\/\/colegiosalgueiro.com.br\/escola-em-interlagos\/wp-json\/wp\/v2\/types\/post"}],"author":[{"embeddable":true,"href":"https:\/\/colegiosalgueiro.com.br\/escola-em-interlagos\/wp-json\/wp\/v2\/users\/2"}],"replies":[{"embeddable":true,"href":"https:\/\/colegiosalgueiro.com.br\/escola-em-interlagos\/wp-json\/wp\/v2\/comments?post=2721"}],"version-history":[{"count":5,"href":"https:\/\/colegiosalgueiro.com.br\/escola-em-interlagos\/wp-json\/wp\/v2\/posts\/2721\/revisions"}],"predecessor-version":[{"id":2748,"href":"https:\/\/colegiosalgueiro.com.br\/escola-em-interlagos\/wp-json\/wp\/v2\/posts\/2721\/revisions\/2748"}],"wp:featuredmedia":[{"embeddable":true,"href":"https:\/\/colegiosalgueiro.com.br\/escola-em-interlagos\/wp-json\/wp\/v2\/media\/2723"}],"wp:attachment":[{"href":"https:\/\/colegiosalgueiro.com.br\/escola-em-interlagos\/wp-json\/wp\/v2\/media?parent=2721"}],"wp:term":[{"taxonomy":"category","embeddable":true,"href":"https:\/\/colegiosalgueiro.com.br\/escola-em-interlagos\/wp-json\/wp\/v2\/categories?post=2721"},{"taxonomy":"post_tag","embeddable":true,"href":"https:\/\/colegiosalgueiro.com.br\/escola-em-interlagos\/wp-json\/wp\/v2\/tags?post=2721"}],"curies":[{"name":"wp","href":"https:\/\/api.w.org\/{rel}","templated":true}]}}