{"id":2490,"date":"2022-06-15T15:27:56","date_gmt":"2022-06-15T18:27:56","guid":{"rendered":"https:\/\/colegiosalgueiro.com.br\/escola-em-interlagos\/?p=2490"},"modified":"2022-06-15T15:38:36","modified_gmt":"2022-06-15T18:38:36","slug":"alunos-estimulam-adocao-de-caes%ef%bf%bc%ef%bf%bc","status":"publish","type":"post","link":"https:\/\/colegiosalgueiro.com.br\/escola-em-interlagos\/2022\/06\/15\/alunos-estimulam-adocao-de-caes%ef%bf%bc%ef%bf%bc\/","title":{"rendered":"A\u00e7\u00f5es de projeto estimulam ado\u00e7\u00e3o de c\u00e3es e gatos"},"content":{"rendered":"\n<p class=\"has-medium-font-size\">Por mais Lambeijos Felizes!!! O tema do projeto Comunica do 6\u00ba ano A \u00e9 fofo e meigo. Mas o assunto \u00e9 s\u00e9rio e necess\u00e1rio, tanto que ser\u00e1 trabalhado pela turma, juntamente com a professora Juliana, de Ci\u00eancias, dentro do projeto \u201cComunica\u201d durante todo este ano.<\/p>\n\n\n\n<p class=\"has-medium-font-size\">A ideia \u00e9 incentivar a ado\u00e7\u00e3o de c\u00e3es e gatos, al\u00e9m de levar a conscientiza\u00e7\u00e3o sobre a responsabilidade de todos no combate ao abandono e maus tratos contra esses animais.<\/p>\n\n\n\n<p class=\"has-medium-font-size\">Os primeiros passos do projeto coincidiram propositalmente com o Abril Laranja, o m\u00eas da preven\u00e7\u00e3o \u00e0 crueldade animal.<\/p>\n\n\n\n<p class=\"has-medium-font-size\">Al\u00e9m de ser um problema de sa\u00fade p\u00fablica, o abandono \u00e9 prejudicial para o bem estar animal, assim como para a economia e a ecologia. Durante o projeto, essa tem\u00e1tica ser\u00e1 trazida para o cotidiano do aluno com o esclarecimento sobre a import\u00e2ncia dele atuar como um agente contra essa situa\u00e7\u00e3o.<\/p>\n\n\n\n<p class=\"has-medium-font-size\">No \u00faltimo m\u00eas, a turma fez uma rifa para arrecadar dinheiro e comprar ra\u00e7\u00e3o, numa a\u00e7\u00e3o que beneficiou a ONG <a href=\"https:\/\/www.instagram.com\/gas_pets\/\" rel=\"nofollow noopener\" target=\"_blank\">GasPets<\/a> \u00e9 uma divis\u00e3o do Instituto GAS dedicada aos cuidados de animais que acompanham as pessoas em situa\u00e7\u00e3o de rua na Grande SP. Fam\u00edlias, alunos e colaboradores tamb\u00e9m entraram na luta e fizeram doa\u00e7\u00f5es de comida e roupinhas caninas.<\/p>\n\n\n\n<p class=\"has-medium-font-size\">O grupo ainda visitou a COSAP (Coordenadoria de Sa\u00fade e Prote\u00e7\u00e3o ao Animal Dom\u00e9stico &#8211; Centro Municipal de Ado\u00e7\u00e3o de C\u00e3es e Gatos), onde tiveram contato com animais dispon\u00edveis para ado\u00e7\u00e3o. Tamb\u00e9m viram de perto como essas causas beneficiam animais em estado de abandono.<\/p>\n\n\n\n<p class=\"has-medium-font-size\"><strong>SOBRE O COMUNICA<\/strong><\/p>\n\n\n\n<p class=\"has-medium-font-size\">Imagina um projeto em que o estudante n\u00e3o aprende apenas o conte\u00fado, mas constr\u00f3i novos aprendizados de uma forma mais participativa e interessante. Assim \u00e9 o projeto Comunica!<\/p>\n\n\n\n<p class=\"has-medium-font-size\">Durante todo o ano, os estudantes do Fundamental-Anos Finais se envolvem com v\u00e1rios temas, de forma a explor\u00e1-los como se estivessem participando de um trabalho de inicia\u00e7\u00e3o cient\u00edfica.<\/p>\n\n\n\n<p class=\"has-medium-font-size\">Parece muito complicado? Mas n\u00e3o \u00e9\u2026 O estudante fica mais livre para desenvolver as etapas do processo, como a investiga\u00e7\u00e3o. E \u00e9 justamente essa autonomia que incentiva a turma toda a aprender a pesquisar, resolver a problem\u00e1tica apresentada no in\u00edcio do projeto e a se envolver mais com a atividade.<\/p>\n\n\n\n<p class=\"has-medium-font-size\">No decorrer do ano, ser\u00e1 verificada a evolu\u00e7\u00e3o de cada um no que se refere \u00e0 solu\u00e7\u00e3o de problemas, trabalho em equipe e aumento da autonomia. Por fim, o projeto ser\u00e1 apresentado para uma esp\u00e9cie de banca examinadora.<\/p>\n\n\n\n<p class=\"has-medium-font-size\">Para saber mais sobre o Fundamental-Anos Finais do Salgueiro, <a href=\"https:\/\/colegiosalgueiro.com.br\/escola-em-interlagos\/ensino-fundamental-colegio-salgueiro-interlagos\/\">clique aqui<\/a>.<\/p>\n\n\n\n<figure class=\"wp-block-gallery has-nested-images columns-default is-cropped wp-block-gallery-1 is-layout-flex wp-block-gallery-is-layout-flex\">\n<figure class=\"wp-block-image size-large\"><img loading=\"lazy\" decoding=\"async\" width=\"1024\" height=\"1024\" data-id=\"2495\" src=\"https:\/\/colegiosalgueiro.com.br\/escola-em-interlagos\/wp-content\/uploads\/2022\/06\/DD12CBED-9E1B-43A2-9B6C-30AD365ACBB0-1-1024x1024.jpg\" alt=\"Col\u00e9gio Salgueiro\" class=\"wp-image-2495\" title=\"Col\u00e9gio Salgueiro\" srcset=\"https:\/\/colegiosalgueiro.com.br\/escola-em-interlagos\/wp-content\/uploads\/2022\/06\/DD12CBED-9E1B-43A2-9B6C-30AD365ACBB0-1-1024x1024.jpg 1024w, https:\/\/colegiosalgueiro.com.br\/escola-em-interlagos\/wp-content\/uploads\/2022\/06\/DD12CBED-9E1B-43A2-9B6C-30AD365ACBB0-1-300x300.jpg 300w, https:\/\/colegiosalgueiro.com.br\/escola-em-interlagos\/wp-content\/uploads\/2022\/06\/DD12CBED-9E1B-43A2-9B6C-30AD365ACBB0-1-150x150.jpg 150w, https:\/\/colegiosalgueiro.com.br\/escola-em-interlagos\/wp-content\/uploads\/2022\/06\/DD12CBED-9E1B-43A2-9B6C-30AD365ACBB0-1-768x768.jpg 768w, https:\/\/colegiosalgueiro.com.br\/escola-em-interlagos\/wp-content\/uploads\/2022\/06\/DD12CBED-9E1B-43A2-9B6C-30AD365ACBB0-1.jpg 1440w\" sizes=\"auto, (max-width: 1024px) 100vw, 1024px\" \/><\/figure>\n\n\n\n<figure class=\"wp-block-image size-large\"><img loading=\"lazy\" decoding=\"async\" width=\"1024\" height=\"942\" data-id=\"2493\" src=\"https:\/\/colegiosalgueiro.com.br\/escola-em-interlagos\/wp-content\/uploads\/2022\/06\/04-1024x942.jpg\" alt=\"Col\u00e9gio Salgueiro\" class=\"wp-image-2493\" title=\"Col\u00e9gio Salgueiro\" srcset=\"https:\/\/colegiosalgueiro.com.br\/escola-em-interlagos\/wp-content\/uploads\/2022\/06\/04-1024x942.jpg 1024w, https:\/\/colegiosalgueiro.com.br\/escola-em-interlagos\/wp-content\/uploads\/2022\/06\/04-300x276.jpg 300w, https:\/\/colegiosalgueiro.com.br\/escola-em-interlagos\/wp-content\/uploads\/2022\/06\/04-768x707.jpg 768w, https:\/\/colegiosalgueiro.com.br\/escola-em-interlagos\/wp-content\/uploads\/2022\/06\/04.jpg 1176w\" sizes=\"auto, (max-width: 1024px) 100vw, 1024px\" \/><\/figure>\n\n\n\n<figure class=\"wp-block-image size-large\"><img loading=\"lazy\" decoding=\"async\" width=\"768\" height=\"1024\" data-id=\"2494\" src=\"https:\/\/colegiosalgueiro.com.br\/escola-em-interlagos\/wp-content\/uploads\/2022\/06\/20975231-89a3-41a6-a571-f8bcdead6d96-768x1024.jpg\" alt=\"Col\u00e9gio Salgueiro\" class=\"wp-image-2494\" title=\"Col\u00e9gio Salgueiro\" srcset=\"https:\/\/colegiosalgueiro.com.br\/escola-em-interlagos\/wp-content\/uploads\/2022\/06\/20975231-89a3-41a6-a571-f8bcdead6d96-768x1024.jpg 768w, https:\/\/colegiosalgueiro.com.br\/escola-em-interlagos\/wp-content\/uploads\/2022\/06\/20975231-89a3-41a6-a571-f8bcdead6d96-225x300.jpg 225w, https:\/\/colegiosalgueiro.com.br\/escola-em-interlagos\/wp-content\/uploads\/2022\/06\/20975231-89a3-41a6-a571-f8bcdead6d96-1152x1536.jpg 1152w, https:\/\/colegiosalgueiro.com.br\/escola-em-interlagos\/wp-content\/uploads\/2022\/06\/20975231-89a3-41a6-a571-f8bcdead6d96.jpg 1200w\" sizes=\"auto, (max-width: 768px) 100vw, 768px\" \/><\/figure>\n\n\n\n<figure class=\"wp-block-image size-large\"><img loading=\"lazy\" decoding=\"async\" width=\"750\" height=\"1000\" data-id=\"2492\" src=\"https:\/\/colegiosalgueiro.com.br\/escola-em-interlagos\/wp-content\/uploads\/2022\/06\/c577c571-081e-4ccb-9dfa-8debadb240a8.jpg\" alt=\"Col\u00e9gio Salgueiro\" class=\"wp-image-2492\" title=\"Col\u00e9gio Salgueiro\" srcset=\"https:\/\/colegiosalgueiro.com.br\/escola-em-interlagos\/wp-content\/uploads\/2022\/06\/c577c571-081e-4ccb-9dfa-8debadb240a8.jpg 750w, https:\/\/colegiosalgueiro.com.br\/escola-em-interlagos\/wp-content\/uploads\/2022\/06\/c577c571-081e-4ccb-9dfa-8debadb240a8-225x300.jpg 225w\" sizes=\"auto, (max-width: 750px) 100vw, 750px\" \/><\/figure>\n<\/figure>\n","protected":false},"excerpt":{"rendered":"<p>Por mais Lambeijos Felizes!!! O tema do projeto Comunica do 6\u00ba ano A \u00e9 fofo e meigo. Mas o assunto \u00e9 s\u00e9rio e necess\u00e1rio, tanto que ser\u00e1 trabalhado pela turma, juntamente com a professora Juliana, de Ci\u00eancias, dentro do projeto \u201cComunica\u201d durante todo este ano. A ideia \u00e9 incentivar a ado\u00e7\u00e3o de c\u00e3es e gatos, [&#8230;]\n","protected":false},"author":2,"featured_media":2491,"comment_status":"closed","ping_status":"closed","sticky":false,"template":"","format":"standard","meta":{"_acf_changed":false,"inline_featured_image":false,"footnotes":""},"categories":[9,7,11],"tags":[14,12,13],"class_list":["post-2490","post","type-post","status-publish","format-standard","has-post-thumbnail","hentry","category-documenta","category-projetos-2","category-unesco","tag-comunica","tag-ensino-fundamental","tag-projetos"],"acf":[],"_links":{"self":[{"href":"https:\/\/colegiosalgueiro.com.br\/escola-em-interlagos\/wp-json\/wp\/v2\/posts\/2490","targetHints":{"allow":["GET"]}}],"collection":[{"href":"https:\/\/colegiosalgueiro.com.br\/escola-em-interlagos\/wp-json\/wp\/v2\/posts"}],"about":[{"href":"https:\/\/colegiosalgueiro.com.br\/escola-em-interlagos\/wp-json\/wp\/v2\/types\/post"}],"author":[{"embeddable":true,"href":"https:\/\/colegiosalgueiro.com.br\/escola-em-interlagos\/wp-json\/wp\/v2\/users\/2"}],"replies":[{"embeddable":true,"href":"https:\/\/colegiosalgueiro.com.br\/escola-em-interlagos\/wp-json\/wp\/v2\/comments?post=2490"}],"version-history":[{"count":6,"href":"https:\/\/colegiosalgueiro.com.br\/escola-em-interlagos\/wp-json\/wp\/v2\/posts\/2490\/revisions"}],"predecessor-version":[{"id":2501,"href":"https:\/\/colegiosalgueiro.com.br\/escola-em-interlagos\/wp-json\/wp\/v2\/posts\/2490\/revisions\/2501"}],"wp:featuredmedia":[{"embeddable":true,"href":"https:\/\/colegiosalgueiro.com.br\/escola-em-interlagos\/wp-json\/wp\/v2\/media\/2491"}],"wp:attachment":[{"href":"https:\/\/colegiosalgueiro.com.br\/escola-em-interlagos\/wp-json\/wp\/v2\/media?parent=2490"}],"wp:term":[{"taxonomy":"category","embeddable":true,"href":"https:\/\/colegiosalgueiro.com.br\/escola-em-interlagos\/wp-json\/wp\/v2\/categories?post=2490"},{"taxonomy":"post_tag","embeddable":true,"href":"https:\/\/colegiosalgueiro.com.br\/escola-em-interlagos\/wp-json\/wp\/v2\/tags?post=2490"}],"curies":[{"name":"wp","href":"https:\/\/api.w.org\/{rel}","templated":true}]}}