{"id":2461,"date":"2022-05-09T16:25:54","date_gmt":"2022-05-09T19:25:54","guid":{"rendered":"https:\/\/colegiosalgueiro.com.br\/escola-em-interlagos\/?p=2461"},"modified":"2022-05-09T16:55:51","modified_gmt":"2022-05-09T19:55:51","slug":"educacao-infantil-faz-vivencias-em-homenagem-ao-dia-das-maes","status":"publish","type":"post","link":"https:\/\/colegiosalgueiro.com.br\/escola-em-interlagos\/2022\/05\/09\/educacao-infantil-faz-vivencias-em-homenagem-ao-dia-das-maes\/","title":{"rendered":"Educa\u00e7\u00e3o Infantil faz viv\u00eancias em homenagem ao Dia das M\u00e3es"},"content":{"rendered":"\n\n\n<p class=\"has-medium-font-size\">S\u00e1bado de muita emo\u00e7\u00e3o por aqui!!!<\/p>\n\n\n\n<p class=\"has-medium-font-size\">As mam\u00e3es da Educa\u00e7\u00e3o Infantil e 1\u00ba ano participaram de viv\u00eancias com os professores junto de seus pequenos.<\/p>\n\n\n\n<p class=\"has-medium-font-size\">Teve espa\u00e7o para homenagens e entrega de lembrancinhas tamb\u00e9m!<\/p>\n\n\n\n<p class=\"has-medium-font-size\">N\u00e3o faltou muito abra\u00e7o apertado, olhares de admira\u00e7\u00e3o e beijos sem fim!!!<\/p>\n\n\n\n<p class=\"has-medium-font-size\">Clique nos links abaixo para ver os registros de cada turma!<\/p>\n\n\n\n<p class=\"has-medium-font-size\"><strong>Infantil 1<\/strong> &#8211; https:\/\/photos.app.goo.gl\/6xGmvqbf5U5PhyYf9<\/p>\n\n\n\n<p class=\"has-medium-font-size\"><strong>Infantil 2 <\/strong>&#8211; https:\/\/photos.app.goo.gl\/BgdeHzaXsai3R6nB6<\/p>\n\n\n\n<p class=\"has-medium-font-size\"><strong>Infantil 3 A<\/strong> &#8211; https:\/\/photos.app.goo.gl\/fRsV7d4tqmpazWK27<\/p>\n\n\n\n<p class=\"has-medium-font-size\"><strong>Infantil 3 B<\/strong> &#8211; https:\/\/photos.app.goo.gl\/2pncn8n18xdYUh679<\/p>\n\n\n\n<p class=\"has-medium-font-size\">I<strong>nfantil 4 A <\/strong>&#8211; https:\/\/photos.app.goo.gl\/uvNcCFS3BkFBMhus6<\/p>\n\n\n\n<p class=\"has-medium-font-size\"><strong>Infantil 4 B<\/strong> &#8211; https:\/\/photos.app.goo.gl\/FLgBxRvUYdEdexHZ6<\/p>\n\n\n\n<figure class=\"wp-block-gallery has-nested-images columns-default is-cropped wp-block-gallery-1 is-layout-flex wp-block-gallery-is-layout-flex\">\n\n\n\n<\/figure>\n","protected":false},"excerpt":{"rendered":"<p>S\u00e1bado de muita emo\u00e7\u00e3o por aqui!!! As mam\u00e3es da Educa\u00e7\u00e3o Infantil e 1\u00ba ano participaram de viv\u00eancias com os professores junto de seus pequenos. Teve espa\u00e7o para homenagens e entrega de lembrancinhas tamb\u00e9m! N\u00e3o faltou muito abra\u00e7o apertado, olhares de admira\u00e7\u00e3o e beijos sem fim!!! Clique nos links abaixo para ver os registros de cada [&#8230;]\n","protected":false},"author":2,"featured_media":2463,"comment_status":"closed","ping_status":"closed","sticky":false,"template":"","format":"standard","meta":{"_acf_changed":false,"inline_featured_image":false,"footnotes":""},"categories":[1,15],"tags":[],"class_list":["post-2461","post","type-post","status-publish","format-standard","has-post-thumbnail","hentry","category-salgueiro","category-educacao-infantil"],"acf":[],"_links":{"self":[{"href":"https:\/\/colegiosalgueiro.com.br\/escola-em-interlagos\/wp-json\/wp\/v2\/posts\/2461","targetHints":{"allow":["GET"]}}],"collection":[{"href":"https:\/\/colegiosalgueiro.com.br\/escola-em-interlagos\/wp-json\/wp\/v2\/posts"}],"about":[{"href":"https:\/\/colegiosalgueiro.com.br\/escola-em-interlagos\/wp-json\/wp\/v2\/types\/post"}],"author":[{"embeddable":true,"href":"https:\/\/colegiosalgueiro.com.br\/escola-em-interlagos\/wp-json\/wp\/v2\/users\/2"}],"replies":[{"embeddable":true,"href":"https:\/\/colegiosalgueiro.com.br\/escola-em-interlagos\/wp-json\/wp\/v2\/comments?post=2461"}],"version-history":[{"count":4,"href":"https:\/\/colegiosalgueiro.com.br\/escola-em-interlagos\/wp-json\/wp\/v2\/posts\/2461\/revisions"}],"predecessor-version":[{"id":2468,"href":"https:\/\/colegiosalgueiro.com.br\/escola-em-interlagos\/wp-json\/wp\/v2\/posts\/2461\/revisions\/2468"}],"wp:featuredmedia":[{"embeddable":true,"href":"https:\/\/colegiosalgueiro.com.br\/escola-em-interlagos\/wp-json\/wp\/v2\/media\/2463"}],"wp:attachment":[{"href":"https:\/\/colegiosalgueiro.com.br\/escola-em-interlagos\/wp-json\/wp\/v2\/media?parent=2461"}],"wp:term":[{"taxonomy":"category","embeddable":true,"href":"https:\/\/colegiosalgueiro.com.br\/escola-em-interlagos\/wp-json\/wp\/v2\/categories?post=2461"},{"taxonomy":"post_tag","embeddable":true,"href":"https:\/\/colegiosalgueiro.com.br\/escola-em-interlagos\/wp-json\/wp\/v2\/tags?post=2461"}],"curies":[{"name":"wp","href":"https:\/\/api.w.org\/{rel}","templated":true}]}}