{"id":2442,"date":"2022-04-08T16:45:22","date_gmt":"2022-04-08T19:45:22","guid":{"rendered":"https:\/\/colegiosalgueiro.com.br\/escola-em-interlagos\/?p=2442"},"modified":"2022-04-08T16:45:23","modified_gmt":"2022-04-08T19:45:23","slug":"projeto-simula-iniciacao-cientifica","status":"publish","type":"post","link":"https:\/\/colegiosalgueiro.com.br\/escola-em-interlagos\/2022\/04\/08\/projeto-simula-iniciacao-cientifica\/","title":{"rendered":"Projeto simula inicia\u00e7\u00e3o cient\u00edfica"},"content":{"rendered":"\n\n\n<p class=\"has-text-align-left has-medium-font-size\">Imagina um projeto em que o estudante n\u00e3o aprende apenas o conte\u00fado, mas constr\u00f3i novos aprendizados de uma forma mais participativa e interessante. Assim \u00e9 o projeto Comunica!<\/p>\n\n\n\n<p class=\"has-text-align-left has-medium-font-size\">Durante todo este ano, os estudantes do Fundamental-Anos Finais ir\u00e3o se envolver com v\u00e1rios temas, de forma a explor\u00e1-los como se estivessem participando de um trabalho de inicia\u00e7\u00e3o cient\u00edfica.<\/p>\n\n\n\n<h3 class=\"wp-block-heading\">Inicia\u00e7\u00e3o cient\u00edfica<\/h3>\n\n\n\n<p class=\"has-text-align-left has-medium-font-size\">Parece muito complicado? Mas n\u00e3o \u00e9\u2026 O estudante fica mais livre para desenvolver as etapas do processo, como a investiga\u00e7\u00e3o.<\/p>\n\n\n\n<p class=\"has-text-align-left has-medium-font-size\">E \u00e9 justamente essa autonomia que incentiva a turma toda a aprender a pesquisar, resolver a problem\u00e1tica apresentada no in\u00edcio do projeto e a se envolver mais com a atividade.<\/p>\n\n\n\n<p class=\"has-text-align-left has-medium-font-size\">No decorrer do ano, ser\u00e1 verificada a evolu\u00e7\u00e3o de cada um no que se refere \u00e0 solu\u00e7\u00e3o de problemas, trabalho em equipe e aumento da autonomia. Por fim, o projeto ser\u00e1 apresentado para uma esp\u00e9cie de banca examinadora, como um trabalho de inicia\u00e7\u00e3o cient\u00edfica.<\/p>\n\n\n\n<h3 class=\"wp-block-heading\">Temas<\/h3>\n\n\n\n<p class=\"has-text-align-left has-medium-font-size\">No Comunica, cada turma trabalha um tema. No caso do 8\u00baB, o assunto \u00e9&nbsp; \u201cA Reciclagem sob uma nova vis\u00e3o\u201d. O objetivo \u00e9 ressignificar o conceito da reciclagem, partindo de experi\u00eancias vividas por outras pessoas (catadores\/ agentes ambientais) e fazer com que os alunos n\u00e3o sejam inativos neste processo, mas sim pe\u00e7as fundamentais nesse compromisso social.&nbsp;<\/p>\n\n\n\n<p class=\"has-text-align-left has-medium-font-size\"><a href=\"https:\/\/photos.app.goo.gl\/eo8iiUAx7fpnN7uXA\" rel=\"nofollow noopener\" target=\"_blank\"><strong>Clique aqui<\/strong><\/a> para ver algumas fotos deste projeto que j\u00e1 est\u00e1 a todo vapor.<\/p>\n\n\n\n<p class=\"has-text-align-left has-medium-font-size\"><a href=\"https:\/\/www.instagram.com\/coopercapsoficial\/\" rel=\"nofollow noopener\" target=\"_blank\"><strong>Clique aqui<\/strong><\/a> para saber um pouco mais sobre reciclagem com a Coopercaps, a cooperativa parceria do Salgueiro.<\/p>\n\n\n\n<p class=\"has-text-align-left has-medium-font-size\">Veja quais s\u00e3o temas das demais turmas:<\/p>\n\n\n\n<ul class=\"wp-block-list\"><li><strong>6\u00ba ano A &#8211; <\/strong>Por mais Lambeijos Felizes &#8211; Ado\u00e7\u00e3o de C\u00e3es e Gatos<\/li><li><strong>6\u00ba ano B &#8211;<\/strong> Viajantes no Espa\u00e7o &#8211; Levar\u00e1 os alunos a conhecerem de uma forma l\u00fadica um pouco do universo e\u00a0 conhecer as principais caracter\u00edsticas dos planetas que formam o nosso Sistema Solar.<\/li><\/ul>\n\n\n\n<ul class=\"wp-block-list\"><li><strong>7\u00ba ano A &#8211; <\/strong>O lixo t\u00eaxtil &#8211; Buscar\u00e1 mostrar, justificar e empoderar a a\u00e7\u00e3o da doa\u00e7\u00e3o e venda de roupas mais antigas ou semi-usadas.<\/li><li><strong>7\u00ba ano B &#8211; <\/strong>Educa\u00e7\u00e3o Financeira &#8211; Trabalhar\u00e1 com a possibilidade de que jovens financeiramente saud\u00e1veis se tornar\u00e3o adultos mais conscientes.<\/li><\/ul>\n\n\n\n<ul class=\"wp-block-list\"><li><strong>8\u00ba ano A &#8211;<\/strong> A vida Continua, doe \u00f3rg\u00e3os &#8211; Levar\u00e1 os alunos a <strong>\u00a0<\/strong>conhecer mais sobre transplante e doa\u00e7\u00e3o de \u00f3rg\u00e3os, como forma de contribuir para a forma\u00e7\u00e3o de um cidad\u00e3o consciente.<\/li><\/ul>\n\n\n\n<ul class=\"wp-block-list\"><li><strong>9\u00ba ano A &#8211;<\/strong> Sa\u00fade Mental &#8211; Ir\u00e1 mostrar a capacidade de conscientiza\u00e7\u00e3o por n\u00f3s mesmos como pessoas, trabalhar a autoestima como fator gerador deste bem estar.<\/li><li><strong>9\u00ba ano B &#8211;<\/strong> Gamifica\u00e7\u00e3o &#8211; A ideia \u00e9 sistematizar a\u00e7\u00f5es muito presentes em jogos e aplic\u00e1-las em situa\u00e7\u00f5es de n\u00e3o-jogo.<\/li><\/ul>\n\n\n\n<h3 class=\"wp-block-heading\">Conhe\u00e7a<\/h3>\n\n\n\n<p class=\"has-text-align-left has-medium-font-size\">Para saber mais sobre o Ensino Fundamental do Salgueiro, <a href=\"https:\/\/colegiosalgueiro.com.br\/escola-em-interlagos\/ensino-fundamental-colegio-salgueiro-interlagos\/\" target=\"_blank\" rel=\"noreferrer noopener\"><strong>clique aqui<\/strong><\/a>.<\/p>\n\n\n\n<figure class=\"wp-block-gallery has-nested-images columns-default is-cropped wp-block-gallery-1 is-layout-flex wp-block-gallery-is-layout-flex\">\n<figure class=\"wp-block-image size-large\"><img loading=\"lazy\" decoding=\"async\" width=\"1024\" height=\"772\" data-id=\"2447\" src=\"https:\/\/colegiosalgueiro.com.br\/escola-em-interlagos\/wp-content\/uploads\/2022\/04\/292CF5FC-C72C-4460-8001-A5CFD2BAA320-1024x772.jpg\" alt=\"Col\u00e9gio Salgueiro\" class=\"wp-image-2447\" title=\"Col\u00e9gio Salgueiro\" srcset=\"https:\/\/colegiosalgueiro.com.br\/escola-em-interlagos\/wp-content\/uploads\/2022\/04\/292CF5FC-C72C-4460-8001-A5CFD2BAA320-1024x772.jpg 1024w, https:\/\/colegiosalgueiro.com.br\/escola-em-interlagos\/wp-content\/uploads\/2022\/04\/292CF5FC-C72C-4460-8001-A5CFD2BAA320-300x226.jpg 300w, https:\/\/colegiosalgueiro.com.br\/escola-em-interlagos\/wp-content\/uploads\/2022\/04\/292CF5FC-C72C-4460-8001-A5CFD2BAA320-768x579.jpg 768w, https:\/\/colegiosalgueiro.com.br\/escola-em-interlagos\/wp-content\/uploads\/2022\/04\/292CF5FC-C72C-4460-8001-A5CFD2BAA320.jpg 1205w\" sizes=\"auto, (max-width: 1024px) 100vw, 1024px\" \/><\/figure>\n\n\n\n<figure class=\"wp-block-image size-large\"><img loading=\"lazy\" decoding=\"async\" width=\"1024\" height=\"768\" data-id=\"2449\" src=\"https:\/\/colegiosalgueiro.com.br\/escola-em-interlagos\/wp-content\/uploads\/2022\/04\/b7525cb6-2a7b-4bf4-b483-e5cfdf0b7e17-1024x768.jpg\" alt=\"Col\u00e9gio Salgueiro\" class=\"wp-image-2449\" title=\"Col\u00e9gio Salgueiro\" srcset=\"https:\/\/colegiosalgueiro.com.br\/escola-em-interlagos\/wp-content\/uploads\/2022\/04\/b7525cb6-2a7b-4bf4-b483-e5cfdf0b7e17-1024x768.jpg 1024w, https:\/\/colegiosalgueiro.com.br\/escola-em-interlagos\/wp-content\/uploads\/2022\/04\/b7525cb6-2a7b-4bf4-b483-e5cfdf0b7e17-300x225.jpg 300w, https:\/\/colegiosalgueiro.com.br\/escola-em-interlagos\/wp-content\/uploads\/2022\/04\/b7525cb6-2a7b-4bf4-b483-e5cfdf0b7e17-768x576.jpg 768w, https:\/\/colegiosalgueiro.com.br\/escola-em-interlagos\/wp-content\/uploads\/2022\/04\/b7525cb6-2a7b-4bf4-b483-e5cfdf0b7e17-1536x1152.jpg 1536w, https:\/\/colegiosalgueiro.com.br\/escola-em-interlagos\/wp-content\/uploads\/2022\/04\/b7525cb6-2a7b-4bf4-b483-e5cfdf0b7e17.jpg 1600w\" sizes=\"auto, (max-width: 1024px) 100vw, 1024px\" \/><\/figure>\n<\/figure>\n\n\n\n<p><\/p>\n","protected":false},"excerpt":{"rendered":"<p>Imagina um projeto em que o estudante n\u00e3o aprende apenas o conte\u00fado, mas constr\u00f3i novos aprendizados de uma forma mais participativa e interessante. Assim \u00e9 o projeto Comunica! Durante todo este ano, os estudantes do Fundamental-Anos Finais ir\u00e3o se envolver com v\u00e1rios temas, de forma a explor\u00e1-los como se estivessem participando de um trabalho de [&#8230;]\n","protected":false},"author":2,"featured_media":2446,"comment_status":"closed","ping_status":"closed","sticky":false,"template":"","format":"standard","meta":{"_acf_changed":false,"inline_featured_image":false,"footnotes":""},"categories":[1,3,7,11],"tags":[14,12,13],"class_list":["post-2442","post","type-post","status-publish","format-standard","has-post-thumbnail","hentry","category-salgueiro","category-blog","category-projetos-2","category-unesco","tag-comunica","tag-ensino-fundamental","tag-projetos"],"acf":[],"_links":{"self":[{"href":"https:\/\/colegiosalgueiro.com.br\/escola-em-interlagos\/wp-json\/wp\/v2\/posts\/2442","targetHints":{"allow":["GET"]}}],"collection":[{"href":"https:\/\/colegiosalgueiro.com.br\/escola-em-interlagos\/wp-json\/wp\/v2\/posts"}],"about":[{"href":"https:\/\/colegiosalgueiro.com.br\/escola-em-interlagos\/wp-json\/wp\/v2\/types\/post"}],"author":[{"embeddable":true,"href":"https:\/\/colegiosalgueiro.com.br\/escola-em-interlagos\/wp-json\/wp\/v2\/users\/2"}],"replies":[{"embeddable":true,"href":"https:\/\/colegiosalgueiro.com.br\/escola-em-interlagos\/wp-json\/wp\/v2\/comments?post=2442"}],"version-history":[{"count":4,"href":"https:\/\/colegiosalgueiro.com.br\/escola-em-interlagos\/wp-json\/wp\/v2\/posts\/2442\/revisions"}],"predecessor-version":[{"id":2450,"href":"https:\/\/colegiosalgueiro.com.br\/escola-em-interlagos\/wp-json\/wp\/v2\/posts\/2442\/revisions\/2450"}],"wp:featuredmedia":[{"embeddable":true,"href":"https:\/\/colegiosalgueiro.com.br\/escola-em-interlagos\/wp-json\/wp\/v2\/media\/2446"}],"wp:attachment":[{"href":"https:\/\/colegiosalgueiro.com.br\/escola-em-interlagos\/wp-json\/wp\/v2\/media?parent=2442"}],"wp:term":[{"taxonomy":"category","embeddable":true,"href":"https:\/\/colegiosalgueiro.com.br\/escola-em-interlagos\/wp-json\/wp\/v2\/categories?post=2442"},{"taxonomy":"post_tag","embeddable":true,"href":"https:\/\/colegiosalgueiro.com.br\/escola-em-interlagos\/wp-json\/wp\/v2\/tags?post=2442"}],"curies":[{"name":"wp","href":"https:\/\/api.w.org\/{rel}","templated":true}]}}