{"id":2404,"date":"2022-03-31T14:54:27","date_gmt":"2022-03-31T17:54:27","guid":{"rendered":"https:\/\/colegiosalgueiro.com.br\/escola-em-interlagos\/?p=2404"},"modified":"2022-03-31T14:57:12","modified_gmt":"2022-03-31T17:57:12","slug":"projeto-documenta-o-que-e-um-podcast","status":"publish","type":"post","link":"https:\/\/colegiosalgueiro.com.br\/escola-em-interlagos\/2022\/03\/31\/projeto-documenta-o-que-e-um-podcast\/","title":{"rendered":"Projeto Documenta &#8211; O que \u00e9 um Podcast?"},"content":{"rendered":"\n\n\n<p>Voc\u00ea sabe o que \u00e9 um PODCAST? Qual a linguagem utilizada? Quais formatos s\u00e3o utilizados?<\/p>\n\n\n\n<p>Para falar sobre essas e outras quest\u00f5es, o Michel Sim\u00f5es e a Cris Lumi, que est\u00e3o \u00e0 frente de um dos mais conceituados podcasts sobre cinema&nbsp;<a href=\"https:\/\/www.instagram.com\/cinemanavaranda\/\" target=\"_blank\" rel=\"noreferrer noopener nofollow\">@cinemanavaranda<\/a>, vieram at\u00e9 o Salgueiro para dividir suas experi\u00eancias.&nbsp;No bate-papo, nossos estudantes do Ensino M\u00e9dio receberam dicas e informa\u00e7\u00f5es valiosas.<br>O formato de podcast \u00e9 um dos que podem ser utilizados no Documenta deste ano, um projeto em que os alunos produzem os pr\u00f3prios document\u00e1rios, participando de todas as etapas de produ\u00e7\u00e3o.<br>A tempo:&nbsp;Um&nbsp;<strong>podcast<\/strong>&nbsp;nada mais \u00e9 do que um programa de r\u00e1dio gravado e que o ouvinte pode escutar quando quiser. Al\u00e9m disso, para ouvi-lo voc\u00ea n\u00e3o precisa sintonizar uma emissora: basta acessar um servi\u00e7o de streaming, um site espec\u00edfico ou fazer o download do arquivo digital.<\/p>\n\n\n\n<figure class=\"wp-block-gallery has-nested-images columns-default is-cropped wp-block-gallery-1 is-layout-flex wp-block-gallery-is-layout-flex\"><\/figure>\n\n\n\n<figure class=\"wp-block-gallery has-nested-images columns-default is-cropped wp-block-gallery-2 is-layout-flex wp-block-gallery-is-layout-flex\">\n<figure class=\"wp-block-image size-large\"><img loading=\"lazy\" decoding=\"async\" width=\"1024\" height=\"811\" data-id=\"2406\" src=\"https:\/\/colegiosalgueiro.com.br\/escola-em-interlagos\/wp-content\/uploads\/2022\/03\/8C5CB858-3A54-489E-B3EC-C56DD8BBC301-1024x811.jpg\" alt=\"Col\u00e9gio Salgueiro\" class=\"wp-image-2406\" title=\"Col\u00e9gio Salgueiro\" srcset=\"https:\/\/colegiosalgueiro.com.br\/escola-em-interlagos\/wp-content\/uploads\/2022\/03\/8C5CB858-3A54-489E-B3EC-C56DD8BBC301-1024x811.jpg 1024w, https:\/\/colegiosalgueiro.com.br\/escola-em-interlagos\/wp-content\/uploads\/2022\/03\/8C5CB858-3A54-489E-B3EC-C56DD8BBC301-300x238.jpg 300w, https:\/\/colegiosalgueiro.com.br\/escola-em-interlagos\/wp-content\/uploads\/2022\/03\/8C5CB858-3A54-489E-B3EC-C56DD8BBC301-768x608.jpg 768w, https:\/\/colegiosalgueiro.com.br\/escola-em-interlagos\/wp-content\/uploads\/2022\/03\/8C5CB858-3A54-489E-B3EC-C56DD8BBC301.jpg 1440w\" sizes=\"auto, (max-width: 1024px) 100vw, 1024px\" \/><\/figure>\n\n\n\n<figure class=\"wp-block-image size-large\"><img loading=\"lazy\" decoding=\"async\" width=\"1024\" height=\"808\" data-id=\"2405\" src=\"https:\/\/colegiosalgueiro.com.br\/escola-em-interlagos\/wp-content\/uploads\/2022\/03\/ACD1B186-9BB7-4615-8377-0E45AF3802AC-1024x808.jpg\" alt=\"Col\u00e9gio Salgueiro\" class=\"wp-image-2405\" title=\"Col\u00e9gio Salgueiro\" srcset=\"https:\/\/colegiosalgueiro.com.br\/escola-em-interlagos\/wp-content\/uploads\/2022\/03\/ACD1B186-9BB7-4615-8377-0E45AF3802AC-1024x808.jpg 1024w, https:\/\/colegiosalgueiro.com.br\/escola-em-interlagos\/wp-content\/uploads\/2022\/03\/ACD1B186-9BB7-4615-8377-0E45AF3802AC-300x237.jpg 300w, https:\/\/colegiosalgueiro.com.br\/escola-em-interlagos\/wp-content\/uploads\/2022\/03\/ACD1B186-9BB7-4615-8377-0E45AF3802AC-768x606.jpg 768w, https:\/\/colegiosalgueiro.com.br\/escola-em-interlagos\/wp-content\/uploads\/2022\/03\/ACD1B186-9BB7-4615-8377-0E45AF3802AC.jpg 1440w\" sizes=\"auto, (max-width: 1024px) 100vw, 1024px\" \/><\/figure>\n\n\n\n<figure class=\"wp-block-image size-large\"><img loading=\"lazy\" decoding=\"async\" width=\"1024\" height=\"811\" data-id=\"2407\" src=\"https:\/\/colegiosalgueiro.com.br\/escola-em-interlagos\/wp-content\/uploads\/2022\/03\/18C25135-3EDF-4639-9647-D7560F60E7CA-1024x811.jpg\" alt=\"Col\u00e9gio Salgueiro\" class=\"wp-image-2407\" title=\"Col\u00e9gio Salgueiro\" srcset=\"https:\/\/colegiosalgueiro.com.br\/escola-em-interlagos\/wp-content\/uploads\/2022\/03\/18C25135-3EDF-4639-9647-D7560F60E7CA-1024x811.jpg 1024w, https:\/\/colegiosalgueiro.com.br\/escola-em-interlagos\/wp-content\/uploads\/2022\/03\/18C25135-3EDF-4639-9647-D7560F60E7CA-300x238.jpg 300w, https:\/\/colegiosalgueiro.com.br\/escola-em-interlagos\/wp-content\/uploads\/2022\/03\/18C25135-3EDF-4639-9647-D7560F60E7CA-768x608.jpg 768w, https:\/\/colegiosalgueiro.com.br\/escola-em-interlagos\/wp-content\/uploads\/2022\/03\/18C25135-3EDF-4639-9647-D7560F60E7CA.jpg 1440w\" sizes=\"auto, (max-width: 1024px) 100vw, 1024px\" \/><\/figure>\n<\/figure>\n\n\n\n\n\n<h2 class=\"wp-block-heading\"><\/h2>\n","protected":false},"excerpt":{"rendered":"<p>Voc\u00ea sabe o que \u00e9 um PODCAST? Qual a linguagem utilizada? Quais formatos s\u00e3o utilizados? Para falar sobre essas e outras quest\u00f5es, o Michel Sim\u00f5es e a Cris Lumi, que est\u00e3o \u00e0 frente de um dos mais conceituados podcasts sobre cinema&nbsp;@cinemanavaranda, vieram at\u00e9 o Salgueiro para dividir suas experi\u00eancias.&nbsp;No bate-papo, nossos estudantes do Ensino M\u00e9dio [&#8230;]\n","protected":false},"author":2,"featured_media":2410,"comment_status":"closed","ping_status":"closed","sticky":false,"template":"","format":"standard","meta":{"_acf_changed":false,"inline_featured_image":false,"footnotes":""},"categories":[8,9,10,7],"tags":[],"class_list":["post-2404","post","type-post","status-publish","format-standard","has-post-thumbnail","hentry","category-ensino-medio","category-documenta","category-documenta-projetos-2","category-projetos-2"],"acf":[],"_links":{"self":[{"href":"https:\/\/colegiosalgueiro.com.br\/escola-em-interlagos\/wp-json\/wp\/v2\/posts\/2404","targetHints":{"allow":["GET"]}}],"collection":[{"href":"https:\/\/colegiosalgueiro.com.br\/escola-em-interlagos\/wp-json\/wp\/v2\/posts"}],"about":[{"href":"https:\/\/colegiosalgueiro.com.br\/escola-em-interlagos\/wp-json\/wp\/v2\/types\/post"}],"author":[{"embeddable":true,"href":"https:\/\/colegiosalgueiro.com.br\/escola-em-interlagos\/wp-json\/wp\/v2\/users\/2"}],"replies":[{"embeddable":true,"href":"https:\/\/colegiosalgueiro.com.br\/escola-em-interlagos\/wp-json\/wp\/v2\/comments?post=2404"}],"version-history":[{"count":3,"href":"https:\/\/colegiosalgueiro.com.br\/escola-em-interlagos\/wp-json\/wp\/v2\/posts\/2404\/revisions"}],"predecessor-version":[{"id":2412,"href":"https:\/\/colegiosalgueiro.com.br\/escola-em-interlagos\/wp-json\/wp\/v2\/posts\/2404\/revisions\/2412"}],"wp:featuredmedia":[{"embeddable":true,"href":"https:\/\/colegiosalgueiro.com.br\/escola-em-interlagos\/wp-json\/wp\/v2\/media\/2410"}],"wp:attachment":[{"href":"https:\/\/colegiosalgueiro.com.br\/escola-em-interlagos\/wp-json\/wp\/v2\/media?parent=2404"}],"wp:term":[{"taxonomy":"category","embeddable":true,"href":"https:\/\/colegiosalgueiro.com.br\/escola-em-interlagos\/wp-json\/wp\/v2\/categories?post=2404"},{"taxonomy":"post_tag","embeddable":true,"href":"https:\/\/colegiosalgueiro.com.br\/escola-em-interlagos\/wp-json\/wp\/v2\/tags?post=2404"}],"curies":[{"name":"wp","href":"https:\/\/api.w.org\/{rel}","templated":true}]}}