{"id":1001,"date":"2021-01-26T15:35:40","date_gmt":"2021-01-26T18:35:40","guid":{"rendered":"https:\/\/salgueiro.agenciafreela.dev\/?p=1001"},"modified":"2021-09-22T15:03:05","modified_gmt":"2021-09-22T18:03:05","slug":"semana-de-adaptacao","status":"publish","type":"post","link":"https:\/\/colegiosalgueiro.com.br\/escola-em-interlagos\/2021\/01\/26\/semana-de-adaptacao\/","title":{"rendered":"Semana de adapta\u00e7\u00e3o"},"content":{"rendered":"\n\n<p>Hoje (26\/01) foi o primeiro dia da Semana de Adapta\u00e7\u00e3o.<\/p>\n<p>As fam\u00edlias vieram ao Salgueirinho junto com os pequenos do Infantil 1 e 2 para que eles se acostumem com o ambiente e a equipe que a partir de agora far\u00e3o parte do dia a dia deles.<\/p>\n<p>Alguns conheceram tudo pela primeira vez; outros voltaram depois de terem passado um ano em casa nas aulas remotas.<\/p>\n<p>Para n\u00f3s foi uma alegria receber todos por aqui!<\/p>\n<p>Pelo rostinho deles, d\u00e1 para perceber que a felicidade foi rec\u00edproca!<\/p>\n<p>#EscolaQueTransforma<br \/>#ColegioSalgueiro<br \/>#DoSalgueiroParaOMundo<br \/>#EducacaoInfantil<\/p>\n\n\n<figure class=\"wp-block-gallery columns-3 is-cropped wp-block-gallery-1 is-layout-flex wp-block-gallery-is-layout-flex\"><ul class=\"blocks-gallery-grid\"><li class=\"blocks-gallery-item\"><figure><img decoding=\"async\" src=\"https:\/\/salgueiro.agenciafreela.dev\/wp-content\/uploads\/2021\/09\/DSC_1007.jpg\" alt=\"Col\u00e9gio Salgueiro\" data-id=\"1013\" data-link=\"https:\/\/salgueiro.agenciafreela.dev\/2021\/09\/21\/semana-de-adaptacao\/dsc_1007\/#main\" class=\"wp-image-1013\" title=\"Col\u00e9gio Salgueiro\"><\/figure><\/li><li class=\"blocks-gallery-item\"><figure><img decoding=\"async\" src=\"https:\/\/salgueiro.agenciafreela.dev\/wp-content\/uploads\/2021\/09\/DSC_1004-2.jpg\" alt=\"Col\u00e9gio Salgueiro\" data-id=\"1008\" data-link=\"https:\/\/salgueiro.agenciafreela.dev\/2021\/09\/21\/semana-de-adaptacao\/dsc_1004-2\/#main\" class=\"wp-image-1008\" title=\"Col\u00e9gio Salgueiro\"><\/figure><\/li><li class=\"blocks-gallery-item\"><figure><img decoding=\"async\" src=\"https:\/\/salgueiro.agenciafreela.dev\/wp-content\/uploads\/2021\/09\/DSC_0991.jpg\" alt=\"Col\u00e9gio Salgueiro\" data-id=\"1011\" data-link=\"https:\/\/salgueiro.agenciafreela.dev\/2021\/09\/21\/semana-de-adaptacao\/dsc_0991\/#main\" class=\"wp-image-1011\" title=\"Col\u00e9gio Salgueiro\"><\/figure><\/li><\/ul><\/figure>\n","protected":false},"excerpt":{"rendered":"<p>Hoje (26\/01) foi o primeiro dia da Semana de Adapta\u00e7\u00e3o. As fam\u00edlias vieram ao Salgueirinho junto com os pequenos do Infantil 1 e 2 para que eles se acostumem com o ambiente e a equipe que a partir de agora far\u00e3o parte do dia a dia deles. Alguns conheceram tudo pela primeira vez; outros voltaram [&#8230;]\n","protected":false},"author":1,"featured_media":1005,"comment_status":"open","ping_status":"open","sticky":false,"template":"","format":"standard","meta":{"_acf_changed":false,"inline_featured_image":false,"footnotes":""},"categories":[3,1],"tags":[],"class_list":["post-1001","post","type-post","status-publish","format-standard","has-post-thumbnail","hentry","category-blog","category-salgueiro"],"acf":[],"_links":{"self":[{"href":"https:\/\/colegiosalgueiro.com.br\/escola-em-interlagos\/wp-json\/wp\/v2\/posts\/1001","targetHints":{"allow":["GET"]}}],"collection":[{"href":"https:\/\/colegiosalgueiro.com.br\/escola-em-interlagos\/wp-json\/wp\/v2\/posts"}],"about":[{"href":"https:\/\/colegiosalgueiro.com.br\/escola-em-interlagos\/wp-json\/wp\/v2\/types\/post"}],"author":[{"embeddable":true,"href":"https:\/\/colegiosalgueiro.com.br\/escola-em-interlagos\/wp-json\/wp\/v2\/users\/1"}],"replies":[{"embeddable":true,"href":"https:\/\/colegiosalgueiro.com.br\/escola-em-interlagos\/wp-json\/wp\/v2\/comments?post=1001"}],"version-history":[{"count":3,"href":"https:\/\/colegiosalgueiro.com.br\/escola-em-interlagos\/wp-json\/wp\/v2\/posts\/1001\/revisions"}],"predecessor-version":[{"id":1014,"href":"https:\/\/colegiosalgueiro.com.br\/escola-em-interlagos\/wp-json\/wp\/v2\/posts\/1001\/revisions\/1014"}],"wp:featuredmedia":[{"embeddable":true,"href":"https:\/\/colegiosalgueiro.com.br\/escola-em-interlagos\/wp-json\/wp\/v2\/media\/1005"}],"wp:attachment":[{"href":"https:\/\/colegiosalgueiro.com.br\/escola-em-interlagos\/wp-json\/wp\/v2\/media?parent=1001"}],"wp:term":[{"taxonomy":"category","embeddable":true,"href":"https:\/\/colegiosalgueiro.com.br\/escola-em-interlagos\/wp-json\/wp\/v2\/categories?post=1001"},{"taxonomy":"post_tag","embeddable":true,"href":"https:\/\/colegiosalgueiro.com.br\/escola-em-interlagos\/wp-json\/wp\/v2\/tags?post=1001"}],"curies":[{"name":"wp","href":"https:\/\/api.w.org\/{rel}","templated":true}]}}